{"id":9353,"date":"2025-10-15T09:35:15","date_gmt":"2025-10-15T09:35:15","guid":{"rendered":"https:\/\/www.ae2serpa.pt\/?p=9353"},"modified":"2025-10-15T09:40:50","modified_gmt":"2025-10-15T09:40:50","slug":"concurso-diretor-2025","status":"publish","type":"post","link":"https:\/\/www.ae2serpa.pt\/index.php\/2025\/10\/15\/concurso-diretor-2025\/","title":{"rendered":"Concurso Diretor | 2025"},"content":{"rendered":"\t\t<div data-elementor-type=\"wp-post\" data-elementor-id=\"9353\" class=\"elementor elementor-9353\">\n\t\t\t\t\t\t\t\t\t<section class=\"elementor-section elementor-top-section elementor-element elementor-element-cef5152 elementor-section-boxed elementor-section-height-default elementor-section-height-default\" data-id=\"cef5152\" data-element_type=\"section\">\n\t\t\t\t\t\t<div class=\"elementor-container elementor-column-gap-default\">\n\t\t\t\t\t<div class=\"elementor-column elementor-col-100 elementor-top-column elementor-element elementor-element-bc8fcd8\" data-id=\"bc8fcd8\" data-element_type=\"column\">\n\t\t\t<div class=\"elementor-widget-wrap elementor-element-populated\">\n\t\t\t\t\t\t\t\t<div class=\"elementor-element elementor-element-37b382f elementor-widget elementor-widget-heading\" data-id=\"37b382f\" data-element_type=\"widget\" data-widget_type=\"heading.default\">\n\t\t\t\t<div class=\"elementor-widget-container\">\n\t\t\t<h4 class=\"elementor-heading-title elementor-size-default\">COMUNICADO \u00c0 COMUNIDADE ESCOLAR<\/h4>\t\t<\/div>\n\t\t\t\t<\/div>\n\t\t\t\t<div class=\"elementor-element elementor-element-44fb689 elementor-widget elementor-widget-text-editor\" data-id=\"44fb689\" data-element_type=\"widget\" data-widget_type=\"text-editor.default\">\n\t\t\t\t<div class=\"elementor-widget-container\">\n\t\t\t\t\t\t\t<p><span style=\"mso-fareast-font-family: 'Times New Roman'; color: black;\">C<i>aros membros da Comunidade Educativa<\/i><\/span><\/p><p><span style=\"color: black; text-align: justify; background-color: transparent;\"><i>Encontrando-se homologado o resultado da elei\u00e7\u00e3o<br \/>para o cargo de diretor do Agrupamento de Escolas N. \u00ba2 de Serpa, pelo Diretor<br \/>Geral da Administra\u00e7\u00e3o Escolar, comunico que o diretor eleito tomar\u00e1 posse<br \/>perante o Conselho Geral, em cerim\u00f3nia p\u00fablica, no dia 30 de outubro.<\/i><\/span><\/p><p style=\"text-align: justify;\"><span style=\"mso-fareast-font-family: 'Times New Roman'; color: black;\">P<i>elo Conselho Geral<br \/><\/i><\/span><span style=\"mso-fareast-font-family: 'Times New Roman'; color: black;\"><i>Laura Sarroeira<\/i><\/span><\/p>\t\t\t\t\t\t<\/div>\n\t\t\t\t<\/div>\n\t\t\t\t\t<\/div>\n\t\t<\/div>\n\t\t\t\t\t\t\t<\/div>\n\t\t<\/section>\n\t\t\t\t<section class=\"elementor-section elementor-top-section elementor-element elementor-element-2f1d03f elementor-section-boxed elementor-section-height-default elementor-section-height-default\" data-id=\"2f1d03f\" data-element_type=\"section\">\n\t\t\t\t\t\t<div class=\"elementor-container elementor-column-gap-default\">\n\t\t\t\t\t<div class=\"elementor-column elementor-col-100 elementor-top-column elementor-element elementor-element-a381254\" data-id=\"a381254\" data-element_type=\"column\">\n\t\t\t<div class=\"elementor-widget-wrap elementor-element-populated\">\n\t\t\t\t\t\t\t\t<div class=\"elementor-element elementor-element-53357f1 elementor-widget elementor-widget-text-editor\" data-id=\"53357f1\" data-element_type=\"widget\" data-widget_type=\"text-editor.default\">\n\t\t\t\t<div class=\"elementor-widget-container\">\n\t\t\t\t\t\t\t<p>Torna-se p\u00fablico, \u00e0 comunidade escolar, o resultado da <strong><em>Elei\u00e7\u00e3o do Diretor do Agrupamento de Escolas n.\u00ba 2 de Serpa,<\/em><\/strong> para o mandato 2025\/2029.\u00a0<br \/><a href=\"https:\/\/www.ae2serpa.pt\/wp-content\/uploads\/2025\/09\/Para-publicacao2assinada.pdf\"><img loading=\"lazy\" decoding=\"async\" class=\"alignleft wp-image-1233\" src=\"https:\/\/www.ae2serpa.pt\/wp-content\/uploads\/2021\/07\/PDF-244x300.png\" alt=\"\" width=\"61\" height=\"75\" \/><\/a><\/p>\t\t\t\t\t\t<\/div>\n\t\t\t\t<\/div>\n\t\t\t\t\t<\/div>\n\t\t<\/div>\n\t\t\t\t\t\t\t<\/div>\n\t\t<\/section>\n\t\t\t\t<section class=\"elementor-section elementor-top-section elementor-element elementor-element-a55b2e9 elementor-section-boxed elementor-section-height-default elementor-section-height-default\" data-id=\"a55b2e9\" data-element_type=\"section\">\n\t\t\t\t\t\t<div class=\"elementor-container elementor-column-gap-default\">\n\t\t\t\t\t<div class=\"elementor-column elementor-col-100 elementor-top-column elementor-element elementor-element-b19302c\" data-id=\"b19302c\" data-element_type=\"column\">\n\t\t\t<div class=\"elementor-widget-wrap elementor-element-populated\">\n\t\t\t\t\t\t\t\t<div class=\"elementor-element elementor-element-3794e64 elementor-widget elementor-widget-heading\" data-id=\"3794e64\" data-element_type=\"widget\" data-widget_type=\"heading.default\">\n\t\t\t\t<div class=\"elementor-widget-container\">\n\t\t\t<h4 class=\"elementor-heading-title elementor-size-default\">Lista de Admiss\u00e3o e Exclus\u00e3o de Candidatos<\/h4>\t\t<\/div>\n\t\t\t\t<\/div>\n\t\t\t\t\t<\/div>\n\t\t<\/div>\n\t\t\t\t\t\t\t<\/div>\n\t\t<\/section>\n\t\t\t\t<section class=\"elementor-section elementor-top-section elementor-element elementor-element-2fa777d elementor-section-boxed elementor-section-height-default elementor-section-height-default\" data-id=\"2fa777d\" data-element_type=\"section\">\n\t\t\t\t\t\t<div class=\"elementor-container elementor-column-gap-default\">\n\t\t\t\t\t<div class=\"elementor-column elementor-col-33 elementor-top-column elementor-element elementor-element-945ec38\" data-id=\"945ec38\" data-element_type=\"column\">\n\t\t\t<div class=\"elementor-widget-wrap elementor-element-populated\">\n\t\t\t\t\t\t\t\t<div class=\"elementor-element elementor-element-1e66363 elementor-widget__width-initial elementor-widget elementor-widget-image\" data-id=\"1e66363\" data-element_type=\"widget\" data-widget_type=\"image.default\">\n\t\t\t\t<div class=\"elementor-widget-container\">\n\t\t\t\t\t\t\t\t\t\t\t\t\t\t\t\t<a href=\"https:\/\/www.ae2serpa.pt\/wp-content\/uploads\/2025\/07\/Lista-Provisoria-de-Admissao-e-Exclusao-_-assinada.pdf\" target=\"_blank\">\n\t\t\t\t\t\t\t<img loading=\"lazy\" decoding=\"async\" width=\"244\" height=\"300\" src=\"https:\/\/www.ae2serpa.pt\/wp-content\/uploads\/2021\/08\/PDF.svg\" class=\"attachment-medium size-medium wp-image-3520\" alt=\"\" \/>\t\t\t\t\t\t\t\t<\/a>\n\t\t\t\t\t\t\t\t\t\t\t\t\t\t\t<\/div>\n\t\t\t\t<\/div>\n\t\t\t\t\t<\/div>\n\t\t<\/div>\n\t\t\t\t<div class=\"elementor-column elementor-col-66 elementor-top-column elementor-element elementor-element-49b7820\" data-id=\"49b7820\" data-element_type=\"column\">\n\t\t\t<div class=\"elementor-widget-wrap elementor-element-populated\">\n\t\t\t\t\t\t\t\t<div class=\"elementor-element elementor-element-17dafbe elementor-widget elementor-widget-text-editor\" data-id=\"17dafbe\" data-element_type=\"widget\" data-widget_type=\"text-editor.default\">\n\t\t\t\t<div class=\"elementor-widget-container\">\n\t\t\t\t\t\t\t<p><b>Lista Provis\u00f3ria de Admiss\u00e3o e Exclus\u00e3o de Candidatos (publicado em 21\/07\/2025)<\/b><\/p>\t\t\t\t\t\t<\/div>\n\t\t\t\t<\/div>\n\t\t\t\t\t<\/div>\n\t\t<\/div>\n\t\t\t\t\t\t\t<\/div>\n\t\t<\/section>\n\t\t\t\t<section class=\"elementor-section elementor-top-section elementor-element elementor-element-4655b6a elementor-section-boxed elementor-section-height-default elementor-section-height-default\" data-id=\"4655b6a\" data-element_type=\"section\">\n\t\t\t\t\t\t<div class=\"elementor-container elementor-column-gap-default\">\n\t\t\t\t\t<div class=\"elementor-column elementor-col-100 elementor-top-column elementor-element elementor-element-acf9fb1\" data-id=\"acf9fb1\" data-element_type=\"column\">\n\t\t\t<div class=\"elementor-widget-wrap elementor-element-populated\">\n\t\t\t\t\t\t\t\t<div class=\"elementor-element elementor-element-7c43cd2 elementor-widget elementor-widget-heading\" data-id=\"7c43cd2\" data-element_type=\"widget\" data-widget_type=\"heading.default\">\n\t\t\t\t<div class=\"elementor-widget-container\">\n\t\t\t<h4 class=\"elementor-heading-title elementor-size-default\">Documenta\u00e7\u00e3o | Orienta\u00e7\u00f5es | Crit\u00e9rios<\/h4>\t\t<\/div>\n\t\t\t\t<\/div>\n\t\t\t\t\t<\/div>\n\t\t<\/div>\n\t\t\t\t\t\t\t<\/div>\n\t\t<\/section>\n\t\t\t\t<section class=\"elementor-section elementor-top-section elementor-element elementor-element-876a0c1 elementor-section-boxed elementor-section-height-default elementor-section-height-default\" data-id=\"876a0c1\" data-element_type=\"section\">\n\t\t\t\t\t\t<div class=\"elementor-container elementor-column-gap-default\">\n\t\t\t\t\t<div class=\"elementor-column elementor-col-100 elementor-top-column elementor-element elementor-element-e7ce767\" data-id=\"e7ce767\" data-element_type=\"column\">\n\t\t\t<div class=\"elementor-widget-wrap elementor-element-populated\">\n\t\t\t\t\t\t\t\t<div class=\"elementor-element elementor-element-64c71de elementor-widget elementor-widget-text-editor\" data-id=\"64c71de\" data-element_type=\"widget\" data-widget_type=\"text-editor.default\">\n\t\t\t\t<div class=\"elementor-widget-container\">\n\t\t\t\t\t\t\t<p>Nos termos legalmente previstos, torna-se p\u00fablica a abertura do Procedimento Concursal Pr\u00e9vio \u00e0 Elei\u00e7\u00e3o do Diretor do Agrupamento de Escolas n.\u00ba 2 de Serpa.<\/p>\t\t\t\t\t\t<\/div>\n\t\t\t\t<\/div>\n\t\t\t\t\t<\/div>\n\t\t<\/div>\n\t\t\t\t\t\t\t<\/div>\n\t\t<\/section>\n\t\t\t\t<section class=\"elementor-section elementor-top-section elementor-element elementor-element-6727864 elementor-section-boxed elementor-section-height-default elementor-section-height-default\" data-id=\"6727864\" data-element_type=\"section\">\n\t\t\t\t\t\t<div class=\"elementor-container elementor-column-gap-default\">\n\t\t\t\t\t<div class=\"elementor-column elementor-col-33 elementor-top-column elementor-element elementor-element-22fea23\" data-id=\"22fea23\" data-element_type=\"column\">\n\t\t\t<div class=\"elementor-widget-wrap elementor-element-populated\">\n\t\t\t\t\t\t\t\t<div class=\"elementor-element elementor-element-180b9ab elementor-widget__width-initial elementor-widget elementor-widget-image\" data-id=\"180b9ab\" data-element_type=\"widget\" data-widget_type=\"image.default\">\n\t\t\t\t<div class=\"elementor-widget-container\">\n\t\t\t\t\t\t\t\t\t\t\t\t\t\t\t\t<a href=\"https:\/\/www.ae2serpa.pt\/wp-content\/uploads\/2025\/06\/AvisoAbertura.pdf\" target=\"_blank\">\n\t\t\t\t\t\t\t<img loading=\"lazy\" decoding=\"async\" width=\"244\" height=\"300\" src=\"https:\/\/www.ae2serpa.pt\/wp-content\/uploads\/2021\/08\/PDF.svg\" class=\"attachment-medium size-medium wp-image-3520\" alt=\"\" \/>\t\t\t\t\t\t\t\t<\/a>\n\t\t\t\t\t\t\t\t\t\t\t\t\t\t\t<\/div>\n\t\t\t\t<\/div>\n\t\t\t\t\t<\/div>\n\t\t<\/div>\n\t\t\t\t<div class=\"elementor-column elementor-col-66 elementor-top-column elementor-element elementor-element-627852b\" data-id=\"627852b\" data-element_type=\"column\">\n\t\t\t<div class=\"elementor-widget-wrap elementor-element-populated\">\n\t\t\t\t\t\t\t\t<div class=\"elementor-element elementor-element-0b199ee elementor-widget elementor-widget-text-editor\" data-id=\"0b199ee\" data-element_type=\"widget\" data-widget_type=\"text-editor.default\">\n\t\t\t\t<div class=\"elementor-widget-container\">\n\t\t\t\t\t\t\t<p><b>Aviso de Abertura do Procedimento (publicado em 27\/06\/2025) no <a href=\"https:\/\/diariodarepublica.pt\/dr\/detalhe\/aviso\/15882-2025-922703856\">Di\u00e1rio da Republica<\/a><\/b><\/p>\t\t\t\t\t\t<\/div>\n\t\t\t\t<\/div>\n\t\t\t\t\t<\/div>\n\t\t<\/div>\n\t\t\t\t\t\t\t<\/div>\n\t\t<\/section>\n\t\t\t\t<section class=\"elementor-section elementor-top-section elementor-element elementor-element-2786dd7 elementor-section-boxed elementor-section-height-default elementor-section-height-default\" data-id=\"2786dd7\" data-element_type=\"section\">\n\t\t\t\t\t\t<div class=\"elementor-container elementor-column-gap-default\">\n\t\t\t\t\t<div class=\"elementor-column elementor-col-33 elementor-top-column elementor-element elementor-element-07e6a59\" data-id=\"07e6a59\" data-element_type=\"column\">\n\t\t\t<div class=\"elementor-widget-wrap elementor-element-populated\">\n\t\t\t\t\t\t\t\t<div class=\"elementor-element elementor-element-6fad349 elementor-widget__width-initial elementor-widget elementor-widget-image\" data-id=\"6fad349\" data-element_type=\"widget\" data-widget_type=\"image.default\">\n\t\t\t\t<div class=\"elementor-widget-container\">\n\t\t\t\t\t\t\t\t\t\t\t\t\t\t\t\t<a href=\"https:\/\/www.ae2serpa.pt\/wp-content\/uploads\/2025\/06\/Regulamento-Proc_P_E_Diretor.pdf\" target=\"_blank\">\n\t\t\t\t\t\t\t<img loading=\"lazy\" decoding=\"async\" width=\"244\" height=\"300\" src=\"https:\/\/www.ae2serpa.pt\/wp-content\/uploads\/2021\/08\/PDF.svg\" class=\"attachment-medium size-medium wp-image-3520\" alt=\"\" \/>\t\t\t\t\t\t\t\t<\/a>\n\t\t\t\t\t\t\t\t\t\t\t\t\t\t\t<\/div>\n\t\t\t\t<\/div>\n\t\t\t\t\t<\/div>\n\t\t<\/div>\n\t\t\t\t<div class=\"elementor-column elementor-col-66 elementor-top-column elementor-element elementor-element-0e96ecc\" data-id=\"0e96ecc\" data-element_type=\"column\">\n\t\t\t<div class=\"elementor-widget-wrap elementor-element-populated\">\n\t\t\t\t\t\t\t\t<div class=\"elementor-element elementor-element-9d0413f elementor-widget elementor-widget-text-editor\" data-id=\"9d0413f\" data-element_type=\"widget\" data-widget_type=\"text-editor.default\">\n\t\t\t\t<div class=\"elementor-widget-container\">\n\t\t\t\t\t\t\t<p><strong>Regulamento para o Procedimento Concursal Pr\u00e9vio \u00e0 Elei\u00e7\u00e3o do Diretor:<br \/>Mandato 2025-2029<\/strong><\/p>\t\t\t\t\t\t<\/div>\n\t\t\t\t<\/div>\n\t\t\t\t\t<\/div>\n\t\t<\/div>\n\t\t\t\t\t\t\t<\/div>\n\t\t<\/section>\n\t\t\t\t<section class=\"elementor-section elementor-top-section elementor-element elementor-element-7c6ae44 elementor-section-boxed elementor-section-height-default elementor-section-height-default\" data-id=\"7c6ae44\" data-element_type=\"section\">\n\t\t\t\t\t\t<div class=\"elementor-container elementor-column-gap-default\">\n\t\t\t\t\t<div class=\"elementor-column elementor-col-33 elementor-top-column elementor-element elementor-element-fa30c26\" data-id=\"fa30c26\" data-element_type=\"column\">\n\t\t\t<div class=\"elementor-widget-wrap elementor-element-populated\">\n\t\t\t\t\t\t\t\t<div class=\"elementor-element elementor-element-d4b280a elementor-widget__width-initial elementor-widget elementor-widget-image\" data-id=\"d4b280a\" data-element_type=\"widget\" data-widget_type=\"image.default\">\n\t\t\t\t<div class=\"elementor-widget-container\">\n\t\t\t\t\t\t\t\t\t\t\t\t\t\t\t\t<a href=\"https:\/\/www.ae2serpa.pt\/wp-content\/uploads\/2025\/06\/PARAMETROS-E-CRITERIOS-GERAIS.pdf\" target=\"_blank\">\n\t\t\t\t\t\t\t<img loading=\"lazy\" decoding=\"async\" width=\"244\" height=\"300\" src=\"https:\/\/www.ae2serpa.pt\/wp-content\/uploads\/2021\/08\/PDF.svg\" class=\"attachment-medium size-medium wp-image-3520\" alt=\"\" \/>\t\t\t\t\t\t\t\t<\/a>\n\t\t\t\t\t\t\t\t\t\t\t\t\t\t\t<\/div>\n\t\t\t\t<\/div>\n\t\t\t\t\t<\/div>\n\t\t<\/div>\n\t\t\t\t<div class=\"elementor-column elementor-col-66 elementor-top-column elementor-element elementor-element-0780c45\" data-id=\"0780c45\" data-element_type=\"column\">\n\t\t\t<div class=\"elementor-widget-wrap elementor-element-populated\">\n\t\t\t\t\t\t\t\t<div class=\"elementor-element elementor-element-fc899a5 elementor-widget elementor-widget-text-editor\" data-id=\"fc899a5\" data-element_type=\"widget\" data-widget_type=\"text-editor.default\">\n\t\t\t\t<div class=\"elementor-widget-container\">\n\t\t\t\t\t\t\t<p><strong>Par\u00e2metros e Crit\u00e9rios Gerais para Aprecia\u00e7\u00e3o das Candidaturas<\/strong><\/p>\t\t\t\t\t\t<\/div>\n\t\t\t\t<\/div>\n\t\t\t\t\t<\/div>\n\t\t<\/div>\n\t\t\t\t\t\t\t<\/div>\n\t\t<\/section>\n\t\t\t\t<section class=\"elementor-section elementor-top-section elementor-element elementor-element-afaa966 elementor-section-boxed elementor-section-height-default elementor-section-height-default\" data-id=\"afaa966\" data-element_type=\"section\">\n\t\t\t\t\t\t<div class=\"elementor-container elementor-column-gap-default\">\n\t\t\t\t\t<div class=\"elementor-column elementor-col-33 elementor-top-column elementor-element elementor-element-134548e\" data-id=\"134548e\" data-element_type=\"column\">\n\t\t\t<div class=\"elementor-widget-wrap elementor-element-populated\">\n\t\t\t\t\t\t\t\t<div class=\"elementor-element elementor-element-3433cd1 elementor-widget__width-initial elementor-widget elementor-widget-image\" data-id=\"3433cd1\" data-element_type=\"widget\" data-widget_type=\"image.default\">\n\t\t\t\t<div class=\"elementor-widget-container\">\n\t\t\t\t\t\t\t\t\t\t\t\t\t\t\t\t<a href=\"https:\/\/www.ae2serpa.pt\/wp-content\/uploads\/2025\/06\/Requerimento.pdf\" target=\"_blank\">\n\t\t\t\t\t\t\t<img loading=\"lazy\" decoding=\"async\" width=\"244\" height=\"300\" src=\"https:\/\/www.ae2serpa.pt\/wp-content\/uploads\/2021\/08\/PDF.svg\" class=\"attachment-medium size-medium wp-image-3520\" alt=\"\" \/>\t\t\t\t\t\t\t\t<\/a>\n\t\t\t\t\t\t\t\t\t\t\t\t\t\t\t<\/div>\n\t\t\t\t<\/div>\n\t\t\t\t\t<\/div>\n\t\t<\/div>\n\t\t\t\t<div class=\"elementor-column elementor-col-66 elementor-top-column elementor-element elementor-element-8b52355\" data-id=\"8b52355\" data-element_type=\"column\">\n\t\t\t<div class=\"elementor-widget-wrap elementor-element-populated\">\n\t\t\t\t\t\t\t\t<div class=\"elementor-element elementor-element-07cf797 elementor-widget elementor-widget-text-editor\" data-id=\"07cf797\" data-element_type=\"widget\" data-widget_type=\"text-editor.default\">\n\t\t\t\t<div class=\"elementor-widget-container\">\n\t\t\t\t\t\t\t<p><strong>Requerimento para Apresenta\u00e7\u00e3o de Candidatura (<a href=\"https:\/\/www.ae2serpa.pt\/wp-content\/uploads\/2025\/06\/Requerimento_Word.docx\">vers\u00e3o Word<\/a>)<\/strong><\/p>\t\t\t\t\t\t<\/div>\n\t\t\t\t<\/div>\n\t\t\t\t\t<\/div>\n\t\t<\/div>\n\t\t\t\t\t\t\t<\/div>\n\t\t<\/section>\n\t\t\t\t\t\t\t<\/div>\n\t\t","protected":false},"excerpt":{"rendered":"<p>Atualiza\u00e7\u00e3o (15.10.2025): Comunicado \u00e0 Comunidade Escolar &#8211; Homologa\u00e7\u00e3o do Resultado da Elei\u00e7\u00e3o.<\/p>\n","protected":false},"author":5,"featured_media":9352,"comment_status":"closed","ping_status":"open","sticky":false,"template":"","format":"standard","meta":{"footnotes":""},"categories":[5,16],"tags":[8,14,104],"yoast_head":"<!-- This site is optimized with the Yoast SEO plugin v22.8 - https:\/\/yoast.com\/wordpress\/plugins\/seo\/ -->\n<title>Concurso Diretor | 2025 - Agrupamento de Escolas n.\u00ba 2 de Serpa<\/title>\n<meta name=\"description\" content=\"Elei\u00e7\u00e3o do Diretor do Agrupamento de Escolas n.\u00ba 2 de Serpa: Prazos, Termos, Documentos e Delibera\u00e7\u00f5es.\" \/>\n<meta name=\"robots\" content=\"index, follow, max-snippet:-1, max-image-preview:large, max-video-preview:-1\" \/>\n<link rel=\"canonical\" href=\"https:\/\/www.ae2serpa.pt\/index.php\/2025\/10\/15\/concurso-diretor-2025\/\" \/>\n<meta property=\"og:locale\" content=\"pt_PT\" \/>\n<meta property=\"og:type\" content=\"article\" \/>\n<meta property=\"og:title\" content=\"Concurso Diretor | 2025 - Agrupamento de Escolas n.\u00ba 2 de Serpa\" \/>\n<meta property=\"og:description\" content=\"Elei\u00e7\u00e3o do Diretor do Agrupamento de Escolas n.\u00ba 2 de Serpa: Prazos, Termos, Documentos e Delibera\u00e7\u00f5es.\" \/>\n<meta property=\"og:url\" content=\"https:\/\/www.ae2serpa.pt\/index.php\/2025\/10\/15\/concurso-diretor-2025\/\" \/>\n<meta property=\"og:site_name\" content=\"Agrupamento de Escolas n.\u00ba 2 de Serpa\" \/>\n<meta property=\"article:publisher\" content=\"https:\/\/www.facebook.com\/AE2Serpa\/\" \/>\n<meta property=\"article:published_time\" content=\"2025-10-15T09:35:15+00:00\" \/>\n<meta property=\"article:modified_time\" content=\"2025-10-15T09:40:50+00:00\" \/>\n<meta property=\"og:image\" content=\"https:\/\/www.ae2serpa.pt\/wp-content\/uploads\/2025\/06\/PP-Eleicao-do-Diretor-e1751040137458.png\" \/>\n\t<meta property=\"og:image:width\" content=\"400\" \/>\n\t<meta property=\"og:image:height\" content=\"225\" \/>\n\t<meta property=\"og:image:type\" content=\"image\/png\" \/>\n<meta name=\"author\" content=\"Agrupamento de Escolas n.\u00ba 2 de Serpa\" \/>\n<meta name=\"twitter:card\" content=\"summary_large_image\" \/>\n<meta name=\"twitter:creator\" content=\"@ae2serpa\" \/>\n<meta name=\"twitter:site\" content=\"@ae2serpa\" \/>\n<meta name=\"twitter:label1\" content=\"Escrito por\" \/>\n\t<meta name=\"twitter:data1\" content=\"Agrupamento de Escolas n.\u00ba 2 de Serpa\" \/>\n\t<meta name=\"twitter:label2\" content=\"Tempo estimado de leitura\" \/>\n\t<meta name=\"twitter:data2\" content=\"1 minuto\" \/>\n<script type=\"application\/ld+json\" class=\"yoast-schema-graph\">{\"@context\":\"https:\/\/schema.org\",\"@graph\":[{\"@type\":\"Article\",\"@id\":\"https:\/\/www.ae2serpa.pt\/index.php\/2025\/10\/15\/concurso-diretor-2025\/#article\",\"isPartOf\":{\"@id\":\"https:\/\/www.ae2serpa.pt\/index.php\/2025\/10\/15\/concurso-diretor-2025\/\"},\"author\":{\"name\":\"Agrupamento de Escolas n.\u00ba 2 de Serpa\",\"@id\":\"https:\/\/www.ae2serpa.pt\/#\/schema\/person\/ba298a033025b7e7d7ac720f01c2e835\"},\"headline\":\"Concurso Diretor | 2025\",\"datePublished\":\"2025-10-15T09:35:15+00:00\",\"dateModified\":\"2025-10-15T09:40:50+00:00\",\"mainEntityOfPage\":{\"@id\":\"https:\/\/www.ae2serpa.pt\/index.php\/2025\/10\/15\/concurso-diretor-2025\/\"},\"wordCount\":178,\"publisher\":{\"@id\":\"https:\/\/www.ae2serpa.pt\/#organization\"},\"image\":{\"@id\":\"https:\/\/www.ae2serpa.pt\/index.php\/2025\/10\/15\/concurso-diretor-2025\/#primaryimage\"},\"thumbnailUrl\":\"https:\/\/www.ae2serpa.pt\/wp-content\/uploads\/2025\/06\/PP-Eleicao-do-Diretor-e1751040137458.png\",\"keywords\":[\"Agrupamento de Escolas n.\u00ba2 de Serpa\",\"Concursos\",\"Diretor\"],\"articleSection\":[\"Concursos\",\"Informa\u00e7\u00e3o Geral\"],\"inLanguage\":\"pt-PT\"},{\"@type\":\"WebPage\",\"@id\":\"https:\/\/www.ae2serpa.pt\/index.php\/2025\/10\/15\/concurso-diretor-2025\/\",\"url\":\"https:\/\/www.ae2serpa.pt\/index.php\/2025\/10\/15\/concurso-diretor-2025\/\",\"name\":\"Concurso Diretor | 2025 - Agrupamento de Escolas n.\u00ba 2 de Serpa\",\"isPartOf\":{\"@id\":\"https:\/\/www.ae2serpa.pt\/#website\"},\"primaryImageOfPage\":{\"@id\":\"https:\/\/www.ae2serpa.pt\/index.php\/2025\/10\/15\/concurso-diretor-2025\/#primaryimage\"},\"image\":{\"@id\":\"https:\/\/www.ae2serpa.pt\/index.php\/2025\/10\/15\/concurso-diretor-2025\/#primaryimage\"},\"thumbnailUrl\":\"https:\/\/www.ae2serpa.pt\/wp-content\/uploads\/2025\/06\/PP-Eleicao-do-Diretor-e1751040137458.png\",\"datePublished\":\"2025-10-15T09:35:15+00:00\",\"dateModified\":\"2025-10-15T09:40:50+00:00\",\"description\":\"Elei\u00e7\u00e3o do Diretor do Agrupamento de Escolas n.\u00ba 2 de Serpa: Prazos, Termos, Documentos e Delibera\u00e7\u00f5es.\",\"breadcrumb\":{\"@id\":\"https:\/\/www.ae2serpa.pt\/index.php\/2025\/10\/15\/concurso-diretor-2025\/#breadcrumb\"},\"inLanguage\":\"pt-PT\",\"potentialAction\":[{\"@type\":\"ReadAction\",\"target\":[\"https:\/\/www.ae2serpa.pt\/index.php\/2025\/10\/15\/concurso-diretor-2025\/\"]}]},{\"@type\":\"ImageObject\",\"inLanguage\":\"pt-PT\",\"@id\":\"https:\/\/www.ae2serpa.pt\/index.php\/2025\/10\/15\/concurso-diretor-2025\/#primaryimage\",\"url\":\"https:\/\/www.ae2serpa.pt\/wp-content\/uploads\/2025\/06\/PP-Eleicao-do-Diretor-e1751040137458.png\",\"contentUrl\":\"https:\/\/www.ae2serpa.pt\/wp-content\/uploads\/2025\/06\/PP-Eleicao-do-Diretor-e1751040137458.png\",\"width\":400,\"height\":225},{\"@type\":\"BreadcrumbList\",\"@id\":\"https:\/\/www.ae2serpa.pt\/index.php\/2025\/10\/15\/concurso-diretor-2025\/#breadcrumb\",\"itemListElement\":[{\"@type\":\"ListItem\",\"position\":1,\"name\":\"In\u00edcio\",\"item\":\"https:\/\/www.ae2serpa.pt\/\"},{\"@type\":\"ListItem\",\"position\":2,\"name\":\"Concurso Diretor | 2025\"}]},{\"@type\":\"WebSite\",\"@id\":\"https:\/\/www.ae2serpa.pt\/#website\",\"url\":\"https:\/\/www.ae2serpa.pt\/\",\"name\":\"AGRUPAMENTO DE ESCOLAS N.\u00ba 2 DE SERPA\",\"description\":\"Agrupamento de Escolas n.\u00ba 2 de Serpa\",\"publisher\":{\"@id\":\"https:\/\/www.ae2serpa.pt\/#organization\"},\"potentialAction\":[{\"@type\":\"SearchAction\",\"target\":{\"@type\":\"EntryPoint\",\"urlTemplate\":\"https:\/\/www.ae2serpa.pt\/?s={search_term_string}\"},\"query-input\":\"required name=search_term_string\"}],\"inLanguage\":\"pt-PT\"},{\"@type\":\"Organization\",\"@id\":\"https:\/\/www.ae2serpa.pt\/#organization\",\"name\":\"AGRUMANENTO DE ESOLAS N.\u00ba 2 DE SERPA\",\"url\":\"https:\/\/www.ae2serpa.pt\/\",\"logo\":{\"@type\":\"ImageObject\",\"inLanguage\":\"pt-PT\",\"@id\":\"https:\/\/www.ae2serpa.pt\/#\/schema\/logo\/image\/\",\"url\":\"https:\/\/www.ae2serpa.pt\/wp-content\/uploads\/2021\/07\/AE2Serpa_LogoNovo-e1627067148639.png\",\"contentUrl\":\"https:\/\/www.ae2serpa.pt\/wp-content\/uploads\/2021\/07\/AE2Serpa_LogoNovo-e1627067148639.png\",\"width\":250,\"height\":149,\"caption\":\"AGRUMANENTO DE ESOLAS N.\u00ba 2 DE SERPA\"},\"image\":{\"@id\":\"https:\/\/www.ae2serpa.pt\/#\/schema\/logo\/image\/\"},\"sameAs\":[\"https:\/\/www.facebook.com\/AE2Serpa\/\",\"https:\/\/x.com\/ae2serpa\",\"https:\/\/www.instagram.com\/agresc2serpa\/\"]},{\"@type\":\"Person\",\"@id\":\"https:\/\/www.ae2serpa.pt\/#\/schema\/person\/ba298a033025b7e7d7ac720f01c2e835\",\"name\":\"Agrupamento de Escolas n.\u00ba 2 de Serpa\",\"image\":{\"@type\":\"ImageObject\",\"inLanguage\":\"pt-PT\",\"@id\":\"https:\/\/www.ae2serpa.pt\/#\/schema\/person\/image\/\",\"url\":\"https:\/\/secure.gravatar.com\/avatar\/31421c6b77f04d971fd7a184c189b548?s=96&d=mm&r=g\",\"contentUrl\":\"https:\/\/secure.gravatar.com\/avatar\/31421c6b77f04d971fd7a184c189b548?s=96&d=mm&r=g\",\"caption\":\"Agrupamento de Escolas n.\u00ba 2 de Serpa\"},\"sameAs\":[\"https:ae2serpa.pt\"]}]}<\/script>\n<!-- \/ Yoast SEO plugin. -->","yoast_head_json":{"title":"Concurso Diretor | 2025 - Agrupamento de Escolas n.\u00ba 2 de Serpa","description":"Elei\u00e7\u00e3o do Diretor do Agrupamento de Escolas n.\u00ba 2 de Serpa: Prazos, Termos, Documentos e Delibera\u00e7\u00f5es.","robots":{"index":"index","follow":"follow","max-snippet":"max-snippet:-1","max-image-preview":"max-image-preview:large","max-video-preview":"max-video-preview:-1"},"canonical":"https:\/\/www.ae2serpa.pt\/index.php\/2025\/10\/15\/concurso-diretor-2025\/","og_locale":"pt_PT","og_type":"article","og_title":"Concurso Diretor | 2025 - Agrupamento de Escolas n.\u00ba 2 de Serpa","og_description":"Elei\u00e7\u00e3o do Diretor do Agrupamento de Escolas n.\u00ba 2 de Serpa: Prazos, Termos, Documentos e Delibera\u00e7\u00f5es.","og_url":"https:\/\/www.ae2serpa.pt\/index.php\/2025\/10\/15\/concurso-diretor-2025\/","og_site_name":"Agrupamento de Escolas n.\u00ba 2 de Serpa","article_publisher":"https:\/\/www.facebook.com\/AE2Serpa\/","article_published_time":"2025-10-15T09:35:15+00:00","article_modified_time":"2025-10-15T09:40:50+00:00","og_image":[{"width":400,"height":225,"url":"https:\/\/www.ae2serpa.pt\/wp-content\/uploads\/2025\/06\/PP-Eleicao-do-Diretor-e1751040137458.png","type":"image\/png"}],"author":"Agrupamento de Escolas n.\u00ba 2 de Serpa","twitter_card":"summary_large_image","twitter_creator":"@ae2serpa","twitter_site":"@ae2serpa","twitter_misc":{"Escrito por":"Agrupamento de Escolas n.\u00ba 2 de Serpa","Tempo estimado de leitura":"1 minuto"},"schema":{"@context":"https:\/\/schema.org","@graph":[{"@type":"Article","@id":"https:\/\/www.ae2serpa.pt\/index.php\/2025\/10\/15\/concurso-diretor-2025\/#article","isPartOf":{"@id":"https:\/\/www.ae2serpa.pt\/index.php\/2025\/10\/15\/concurso-diretor-2025\/"},"author":{"name":"Agrupamento de Escolas n.\u00ba 2 de Serpa","@id":"https:\/\/www.ae2serpa.pt\/#\/schema\/person\/ba298a033025b7e7d7ac720f01c2e835"},"headline":"Concurso Diretor | 2025","datePublished":"2025-10-15T09:35:15+00:00","dateModified":"2025-10-15T09:40:50+00:00","mainEntityOfPage":{"@id":"https:\/\/www.ae2serpa.pt\/index.php\/2025\/10\/15\/concurso-diretor-2025\/"},"wordCount":178,"publisher":{"@id":"https:\/\/www.ae2serpa.pt\/#organization"},"image":{"@id":"https:\/\/www.ae2serpa.pt\/index.php\/2025\/10\/15\/concurso-diretor-2025\/#primaryimage"},"thumbnailUrl":"https:\/\/www.ae2serpa.pt\/wp-content\/uploads\/2025\/06\/PP-Eleicao-do-Diretor-e1751040137458.png","keywords":["Agrupamento de Escolas n.\u00ba2 de Serpa","Concursos","Diretor"],"articleSection":["Concursos","Informa\u00e7\u00e3o Geral"],"inLanguage":"pt-PT"},{"@type":"WebPage","@id":"https:\/\/www.ae2serpa.pt\/index.php\/2025\/10\/15\/concurso-diretor-2025\/","url":"https:\/\/www.ae2serpa.pt\/index.php\/2025\/10\/15\/concurso-diretor-2025\/","name":"Concurso Diretor | 2025 - Agrupamento de Escolas n.\u00ba 2 de Serpa","isPartOf":{"@id":"https:\/\/www.ae2serpa.pt\/#website"},"primaryImageOfPage":{"@id":"https:\/\/www.ae2serpa.pt\/index.php\/2025\/10\/15\/concurso-diretor-2025\/#primaryimage"},"image":{"@id":"https:\/\/www.ae2serpa.pt\/index.php\/2025\/10\/15\/concurso-diretor-2025\/#primaryimage"},"thumbnailUrl":"https:\/\/www.ae2serpa.pt\/wp-content\/uploads\/2025\/06\/PP-Eleicao-do-Diretor-e1751040137458.png","datePublished":"2025-10-15T09:35:15+00:00","dateModified":"2025-10-15T09:40:50+00:00","description":"Elei\u00e7\u00e3o do Diretor do Agrupamento de Escolas n.\u00ba 2 de Serpa: Prazos, Termos, Documentos e Delibera\u00e7\u00f5es.","breadcrumb":{"@id":"https:\/\/www.ae2serpa.pt\/index.php\/2025\/10\/15\/concurso-diretor-2025\/#breadcrumb"},"inLanguage":"pt-PT","potentialAction":[{"@type":"ReadAction","target":["https:\/\/www.ae2serpa.pt\/index.php\/2025\/10\/15\/concurso-diretor-2025\/"]}]},{"@type":"ImageObject","inLanguage":"pt-PT","@id":"https:\/\/www.ae2serpa.pt\/index.php\/2025\/10\/15\/concurso-diretor-2025\/#primaryimage","url":"https:\/\/www.ae2serpa.pt\/wp-content\/uploads\/2025\/06\/PP-Eleicao-do-Diretor-e1751040137458.png","contentUrl":"https:\/\/www.ae2serpa.pt\/wp-content\/uploads\/2025\/06\/PP-Eleicao-do-Diretor-e1751040137458.png","width":400,"height":225},{"@type":"BreadcrumbList","@id":"https:\/\/www.ae2serpa.pt\/index.php\/2025\/10\/15\/concurso-diretor-2025\/#breadcrumb","itemListElement":[{"@type":"ListItem","position":1,"name":"In\u00edcio","item":"https:\/\/www.ae2serpa.pt\/"},{"@type":"ListItem","position":2,"name":"Concurso Diretor | 2025"}]},{"@type":"WebSite","@id":"https:\/\/www.ae2serpa.pt\/#website","url":"https:\/\/www.ae2serpa.pt\/","name":"AGRUPAMENTO DE ESCOLAS N.\u00ba 2 DE SERPA","description":"Agrupamento de Escolas n.\u00ba 2 de Serpa","publisher":{"@id":"https:\/\/www.ae2serpa.pt\/#organization"},"potentialAction":[{"@type":"SearchAction","target":{"@type":"EntryPoint","urlTemplate":"https:\/\/www.ae2serpa.pt\/?s={search_term_string}"},"query-input":"required name=search_term_string"}],"inLanguage":"pt-PT"},{"@type":"Organization","@id":"https:\/\/www.ae2serpa.pt\/#organization","name":"AGRUMANENTO DE ESOLAS N.\u00ba 2 DE SERPA","url":"https:\/\/www.ae2serpa.pt\/","logo":{"@type":"ImageObject","inLanguage":"pt-PT","@id":"https:\/\/www.ae2serpa.pt\/#\/schema\/logo\/image\/","url":"https:\/\/www.ae2serpa.pt\/wp-content\/uploads\/2021\/07\/AE2Serpa_LogoNovo-e1627067148639.png","contentUrl":"https:\/\/www.ae2serpa.pt\/wp-content\/uploads\/2021\/07\/AE2Serpa_LogoNovo-e1627067148639.png","width":250,"height":149,"caption":"AGRUMANENTO DE ESOLAS N.\u00ba 2 DE SERPA"},"image":{"@id":"https:\/\/www.ae2serpa.pt\/#\/schema\/logo\/image\/"},"sameAs":["https:\/\/www.facebook.com\/AE2Serpa\/","https:\/\/x.com\/ae2serpa","https:\/\/www.instagram.com\/agresc2serpa\/"]},{"@type":"Person","@id":"https:\/\/www.ae2serpa.pt\/#\/schema\/person\/ba298a033025b7e7d7ac720f01c2e835","name":"Agrupamento de Escolas n.\u00ba 2 de Serpa","image":{"@type":"ImageObject","inLanguage":"pt-PT","@id":"https:\/\/www.ae2serpa.pt\/#\/schema\/person\/image\/","url":"https:\/\/secure.gravatar.com\/avatar\/31421c6b77f04d971fd7a184c189b548?s=96&d=mm&r=g","contentUrl":"https:\/\/secure.gravatar.com\/avatar\/31421c6b77f04d971fd7a184c189b548?s=96&d=mm&r=g","caption":"Agrupamento de Escolas n.\u00ba 2 de Serpa"},"sameAs":["https:ae2serpa.pt"]}]}},"_links":{"self":[{"href":"https:\/\/www.ae2serpa.pt\/index.php\/wp-json\/wp\/v2\/posts\/9353"}],"collection":[{"href":"https:\/\/www.ae2serpa.pt\/index.php\/wp-json\/wp\/v2\/posts"}],"about":[{"href":"https:\/\/www.ae2serpa.pt\/index.php\/wp-json\/wp\/v2\/types\/post"}],"author":[{"embeddable":true,"href":"https:\/\/www.ae2serpa.pt\/index.php\/wp-json\/wp\/v2\/users\/5"}],"replies":[{"embeddable":true,"href":"https:\/\/www.ae2serpa.pt\/index.php\/wp-json\/wp\/v2\/comments?post=9353"}],"version-history":[{"count":64,"href":"https:\/\/www.ae2serpa.pt\/index.php\/wp-json\/wp\/v2\/posts\/9353\/revisions"}],"predecessor-version":[{"id":9739,"href":"https:\/\/www.ae2serpa.pt\/index.php\/wp-json\/wp\/v2\/posts\/9353\/revisions\/9739"}],"wp:featuredmedia":[{"embeddable":true,"href":"https:\/\/www.ae2serpa.pt\/index.php\/wp-json\/wp\/v2\/media\/9352"}],"wp:attachment":[{"href":"https:\/\/www.ae2serpa.pt\/index.php\/wp-json\/wp\/v2\/media?parent=9353"}],"wp:term":[{"taxonomy":"category","embeddable":true,"href":"https:\/\/www.ae2serpa.pt\/index.php\/wp-json\/wp\/v2\/categories?post=9353"},{"taxonomy":"post_tag","embeddable":true,"href":"https:\/\/www.ae2serpa.pt\/index.php\/wp-json\/wp\/v2\/tags?post=9353"}],"curies":[{"name":"wp","href":"https:\/\/api.w.org\/{rel}","templated":true}]}}