{"id":6647,"date":"2022-10-24T17:30:37","date_gmt":"2022-10-24T17:30:37","guid":{"rendered":"https:\/\/www.ae2serpa.pt\/?p=6647"},"modified":"2022-10-24T17:54:39","modified_gmt":"2022-10-24T17:54:39","slug":"concurso-tecnico-especializado-em-expressao-dramatica-teatro","status":"publish","type":"post","link":"https:\/\/www.ae2serpa.pt\/index.php\/2022\/10\/24\/concurso-tecnico-especializado-em-expressao-dramatica-teatro\/","title":{"rendered":"Concurso: T\u00e9cnico Especializado em Express\u00e3o Dram\u00e1tica (Teatro)"},"content":{"rendered":"\t\t<div data-elementor-type=\"wp-post\" data-elementor-id=\"6647\" class=\"elementor elementor-6647\">\n\t\t\t\t\t\t\t\t\t<section class=\"elementor-section elementor-top-section elementor-element elementor-element-eea036d elementor-section-boxed elementor-section-height-default elementor-section-height-default\" data-id=\"eea036d\" data-element_type=\"section\">\n\t\t\t\t\t\t<div class=\"elementor-container elementor-column-gap-default\">\n\t\t\t\t\t<div class=\"elementor-column elementor-col-100 elementor-top-column elementor-element elementor-element-09ea49d\" data-id=\"09ea49d\" data-element_type=\"column\">\n\t\t\t<div class=\"elementor-widget-wrap elementor-element-populated\">\n\t\t\t\t\t\t\t\t<div class=\"elementor-element elementor-element-5b429a9 elementor-widget elementor-widget-text-editor\" data-id=\"5b429a9\" data-element_type=\"widget\" data-widget_type=\"text-editor.default\">\n\t\t\t\t<div class=\"elementor-widget-container\">\n\t\t\t\t\t\t\t<p>Encontra-se publicada a Lista Ordenada Final, contendo a avalia\u00e7\u00e3o global dos crit\u00e9rios 1, 2 e 3.<br \/>A publica\u00e7\u00e3o pode ser <a href=\"https:\/\/www.ae2serpa.pt\/index.php\/concursos-docentes\/procedimento-concursal-horario-n-o-19\/\">consultada aqui<\/a>.<\/p>\t\t\t\t\t\t<\/div>\n\t\t\t\t<\/div>\n\t\t\t\t\t<\/div>\n\t\t<\/div>\n\t\t\t\t\t\t\t<\/div>\n\t\t<\/section>\n\t\t\t\t<section class=\"elementor-section elementor-top-section elementor-element elementor-element-1707832 elementor-section-boxed elementor-section-height-default elementor-section-height-default\" data-id=\"1707832\" data-element_type=\"section\">\n\t\t\t\t\t\t<div class=\"elementor-container elementor-column-gap-default\">\n\t\t\t\t\t<div class=\"elementor-column elementor-col-100 elementor-top-column elementor-element elementor-element-8a1b635\" data-id=\"8a1b635\" data-element_type=\"column\">\n\t\t\t<div class=\"elementor-widget-wrap elementor-element-populated\">\n\t\t\t\t\t\t\t\t<div class=\"elementor-element elementor-element-af0fcf8 elementor-widget elementor-widget-text-editor\" data-id=\"af0fcf8\" data-element_type=\"widget\" data-widget_type=\"text-editor.default\">\n\t\t\t\t<div class=\"elementor-widget-container\">\n\t\t\t\t\t\t\t<p>Encontra-se publicado o resultado da avalia\u00e7\u00e3o dos Crit\u00e9rios 1 (Pondera\u00e7\u00e3o da Avalia\u00e7\u00e3o do Portf\u00f3lio) e Crit\u00e9rio 2 (Pondera\u00e7\u00e3o do n.\u00ba de anos de experi\u00eancia profissional).<br \/>A publica\u00e7\u00e3o pode ser <a href=\"https:\/\/www.ae2serpa.pt\/index.php\/concursos-docentes\/procedimento-concursal-horario-n-o-19\/\">consultada aqui<\/a>.<\/p>\t\t\t\t\t\t<\/div>\n\t\t\t\t<\/div>\n\t\t\t\t\t<\/div>\n\t\t<\/div>\n\t\t\t\t\t\t\t<\/div>\n\t\t<\/section>\n\t\t\t\t<section class=\"elementor-section elementor-top-section elementor-element elementor-element-ae33c25 elementor-section-boxed elementor-section-height-default elementor-section-height-default\" data-id=\"ae33c25\" data-element_type=\"section\">\n\t\t\t\t\t\t<div class=\"elementor-container elementor-column-gap-default\">\n\t\t\t\t\t<div class=\"elementor-column elementor-col-100 elementor-top-column elementor-element elementor-element-feffd83\" data-id=\"feffd83\" data-element_type=\"column\">\n\t\t\t<div class=\"elementor-widget-wrap elementor-element-populated\">\n\t\t\t\t\t\t\t\t<div class=\"elementor-element elementor-element-f44055c elementor-widget elementor-widget-text-editor\" data-id=\"f44055c\" data-element_type=\"widget\" data-widget_type=\"text-editor.default\">\n\t\t\t\t<div class=\"elementor-widget-container\">\n\t\t\t\t\t\t\t<p>Publicita-se a lista de admiss\u00e3o e exclus\u00e3o do procedimento para recrutamento de T\u00e9cnico Especializado (Express\u00e3o Dram\u00e1tica), a qual pode ser <a href=\"https:\/\/www.ae2serpa.pt\/index.php\/concursos-docentes\/procedimento-concursal-horario-n-o-19\/\">consultada aqui<\/a>.<\/p>\t\t\t\t\t\t<\/div>\n\t\t\t\t<\/div>\n\t\t\t\t<div class=\"elementor-element elementor-element-849a73a elementor-widget elementor-widget-text-editor\" data-id=\"849a73a\" data-element_type=\"widget\" data-widget_type=\"text-editor.default\">\n\t\t\t\t<div class=\"elementor-widget-container\">\n\t\t\t\t\t\t\t<p>Encontra-se em concurso hor\u00e1rio para formador de Express\u00e3o Dram\u00e1tica.<br \/>O Procedimento decorre entre 4 de outubro e 10 de outubro, podendo <a href=\"https:\/\/www.ae2serpa.pt\/index.php\/concursos-docentes\/procedimento-concursal-horario-n-o-19\/\">aqui<\/a>\u00a0ser consultado o respetivo Aviso de Abertura e demais informa\u00e7\u00e3o sobre o procedimento.<\/p>\t\t\t\t\t\t<\/div>\n\t\t\t\t<\/div>\n\t\t\t\t\t<\/div>\n\t\t<\/div>\n\t\t\t\t\t\t\t<\/div>\n\t\t<\/section>\n\t\t\t\t\t\t\t<\/div>\n\t\t","protected":false},"excerpt":{"rendered":"<p>Encontra-se publicado o resultado da avalia\u00e7\u00e3o global dos Crit\u00e9rios e a correspondente Lista Ordenada Final.<\/p>\n","protected":false},"author":5,"featured_media":6344,"comment_status":"closed","ping_status":"closed","sticky":false,"template":"","format":"standard","meta":{"footnotes":""},"categories":[5,16],"tags":[14,53,47,34],"yoast_head":"<!-- This site is optimized with the Yoast SEO plugin v22.8 - https:\/\/yoast.com\/wordpress\/plugins\/seo\/ -->\n<title>Concurso: T\u00e9cnico Especializado em Express\u00e3o Dram\u00e1tica (Teatro) - Agrupamento de Escolas n.\u00ba 2 de Serpa<\/title>\n<meta name=\"description\" content=\"Concurso de hor\u00e1rio para formador de Express\u00e3o Dram\u00e1tica. Hor\u00e1rio anual de 12 horas letivas., dividido entre escolas do agrupamento.\" \/>\n<meta name=\"robots\" content=\"index, follow, max-snippet:-1, max-image-preview:large, max-video-preview:-1\" \/>\n<link rel=\"canonical\" href=\"https:\/\/www.ae2serpa.pt\/index.php\/2022\/10\/24\/concurso-tecnico-especializado-em-expressao-dramatica-teatro\/\" \/>\n<meta property=\"og:locale\" content=\"pt_PT\" \/>\n<meta property=\"og:type\" content=\"article\" \/>\n<meta property=\"og:title\" content=\"Concurso: T\u00e9cnico Especializado em Express\u00e3o Dram\u00e1tica (Teatro) - Agrupamento de Escolas n.\u00ba 2 de Serpa\" \/>\n<meta property=\"og:description\" content=\"Concurso de hor\u00e1rio para formador de Express\u00e3o Dram\u00e1tica. Hor\u00e1rio anual de 12 horas letivas., dividido entre escolas do agrupamento.\" \/>\n<meta property=\"og:url\" content=\"https:\/\/www.ae2serpa.pt\/index.php\/2022\/10\/24\/concurso-tecnico-especializado-em-expressao-dramatica-teatro\/\" \/>\n<meta property=\"og:site_name\" content=\"Agrupamento de Escolas n.\u00ba 2 de Serpa\" \/>\n<meta property=\"article:publisher\" content=\"https:\/\/www.facebook.com\/AE2Serpa\/\" \/>\n<meta property=\"article:published_time\" content=\"2022-10-24T17:30:37+00:00\" \/>\n<meta property=\"article:modified_time\" content=\"2022-10-24T17:54:39+00:00\" \/>\n<meta property=\"og:image\" content=\"https:\/\/www.ae2serpa.pt\/wp-content\/uploads\/2022\/08\/C_Escola.png\" \/>\n\t<meta property=\"og:image:width\" content=\"378\" \/>\n\t<meta property=\"og:image:height\" content=\"189\" \/>\n\t<meta property=\"og:image:type\" content=\"image\/png\" \/>\n<meta name=\"author\" content=\"Agrupamento de Escolas n.\u00ba 2 de Serpa\" \/>\n<meta name=\"twitter:card\" content=\"summary_large_image\" \/>\n<meta name=\"twitter:creator\" content=\"@ae2serpa\" \/>\n<meta name=\"twitter:site\" content=\"@ae2serpa\" \/>\n<meta name=\"twitter:label1\" content=\"Escrito por\" \/>\n\t<meta name=\"twitter:data1\" content=\"Agrupamento de Escolas n.\u00ba 2 de Serpa\" \/>\n\t<meta name=\"twitter:label2\" content=\"Tempo estimado de leitura\" \/>\n\t<meta name=\"twitter:data2\" content=\"1 minuto\" \/>\n<script type=\"application\/ld+json\" class=\"yoast-schema-graph\">{\"@context\":\"https:\/\/schema.org\",\"@graph\":[{\"@type\":\"Article\",\"@id\":\"https:\/\/www.ae2serpa.pt\/index.php\/2022\/10\/24\/concurso-tecnico-especializado-em-expressao-dramatica-teatro\/#article\",\"isPartOf\":{\"@id\":\"https:\/\/www.ae2serpa.pt\/index.php\/2022\/10\/24\/concurso-tecnico-especializado-em-expressao-dramatica-teatro\/\"},\"author\":{\"name\":\"Agrupamento de Escolas n.\u00ba 2 de Serpa\",\"@id\":\"https:\/\/www.ae2serpa.pt\/#\/schema\/person\/ba298a033025b7e7d7ac720f01c2e835\"},\"headline\":\"Concurso: T\u00e9cnico Especializado em Express\u00e3o Dram\u00e1tica (Teatro)\",\"datePublished\":\"2022-10-24T17:30:37+00:00\",\"dateModified\":\"2022-10-24T17:54:39+00:00\",\"mainEntityOfPage\":{\"@id\":\"https:\/\/www.ae2serpa.pt\/index.php\/2022\/10\/24\/concurso-tecnico-especializado-em-expressao-dramatica-teatro\/\"},\"wordCount\":135,\"publisher\":{\"@id\":\"https:\/\/www.ae2serpa.pt\/#organization\"},\"image\":{\"@id\":\"https:\/\/www.ae2serpa.pt\/index.php\/2022\/10\/24\/concurso-tecnico-especializado-em-expressao-dramatica-teatro\/#primaryimage\"},\"thumbnailUrl\":\"https:\/\/www.ae2serpa.pt\/wp-content\/uploads\/2022\/08\/C_Escola.png\",\"keywords\":[\"Concursos\",\"Contrata\u00e7\u00e3o\",\"Contrata\u00e7\u00e3o de docente\",\"Cursos Profissionais\"],\"articleSection\":[\"Concursos\",\"Informa\u00e7\u00e3o Geral\"],\"inLanguage\":\"pt-PT\"},{\"@type\":\"WebPage\",\"@id\":\"https:\/\/www.ae2serpa.pt\/index.php\/2022\/10\/24\/concurso-tecnico-especializado-em-expressao-dramatica-teatro\/\",\"url\":\"https:\/\/www.ae2serpa.pt\/index.php\/2022\/10\/24\/concurso-tecnico-especializado-em-expressao-dramatica-teatro\/\",\"name\":\"Concurso: T\u00e9cnico Especializado em Express\u00e3o Dram\u00e1tica (Teatro) - Agrupamento de Escolas n.\u00ba 2 de Serpa\",\"isPartOf\":{\"@id\":\"https:\/\/www.ae2serpa.pt\/#website\"},\"primaryImageOfPage\":{\"@id\":\"https:\/\/www.ae2serpa.pt\/index.php\/2022\/10\/24\/concurso-tecnico-especializado-em-expressao-dramatica-teatro\/#primaryimage\"},\"image\":{\"@id\":\"https:\/\/www.ae2serpa.pt\/index.php\/2022\/10\/24\/concurso-tecnico-especializado-em-expressao-dramatica-teatro\/#primaryimage\"},\"thumbnailUrl\":\"https:\/\/www.ae2serpa.pt\/wp-content\/uploads\/2022\/08\/C_Escola.png\",\"datePublished\":\"2022-10-24T17:30:37+00:00\",\"dateModified\":\"2022-10-24T17:54:39+00:00\",\"description\":\"Concurso de hor\u00e1rio para formador de Express\u00e3o Dram\u00e1tica. Hor\u00e1rio anual de 12 horas letivas., dividido entre escolas do agrupamento.\",\"breadcrumb\":{\"@id\":\"https:\/\/www.ae2serpa.pt\/index.php\/2022\/10\/24\/concurso-tecnico-especializado-em-expressao-dramatica-teatro\/#breadcrumb\"},\"inLanguage\":\"pt-PT\",\"potentialAction\":[{\"@type\":\"ReadAction\",\"target\":[\"https:\/\/www.ae2serpa.pt\/index.php\/2022\/10\/24\/concurso-tecnico-especializado-em-expressao-dramatica-teatro\/\"]}]},{\"@type\":\"ImageObject\",\"inLanguage\":\"pt-PT\",\"@id\":\"https:\/\/www.ae2serpa.pt\/index.php\/2022\/10\/24\/concurso-tecnico-especializado-em-expressao-dramatica-teatro\/#primaryimage\",\"url\":\"https:\/\/www.ae2serpa.pt\/wp-content\/uploads\/2022\/08\/C_Escola.png\",\"contentUrl\":\"https:\/\/www.ae2serpa.pt\/wp-content\/uploads\/2022\/08\/C_Escola.png\",\"width\":378,\"height\":189},{\"@type\":\"BreadcrumbList\",\"@id\":\"https:\/\/www.ae2serpa.pt\/index.php\/2022\/10\/24\/concurso-tecnico-especializado-em-expressao-dramatica-teatro\/#breadcrumb\",\"itemListElement\":[{\"@type\":\"ListItem\",\"position\":1,\"name\":\"In\u00edcio\",\"item\":\"https:\/\/www.ae2serpa.pt\/\"},{\"@type\":\"ListItem\",\"position\":2,\"name\":\"Concurso: T\u00e9cnico Especializado em Express\u00e3o Dram\u00e1tica (Teatro)\"}]},{\"@type\":\"WebSite\",\"@id\":\"https:\/\/www.ae2serpa.pt\/#website\",\"url\":\"https:\/\/www.ae2serpa.pt\/\",\"name\":\"AGRUPAMENTO DE ESCOLAS N.\u00ba 2 DE SERPA\",\"description\":\"Agrupamento de Escolas n.\u00ba 2 de Serpa\",\"publisher\":{\"@id\":\"https:\/\/www.ae2serpa.pt\/#organization\"},\"potentialAction\":[{\"@type\":\"SearchAction\",\"target\":{\"@type\":\"EntryPoint\",\"urlTemplate\":\"https:\/\/www.ae2serpa.pt\/?s={search_term_string}\"},\"query-input\":\"required name=search_term_string\"}],\"inLanguage\":\"pt-PT\"},{\"@type\":\"Organization\",\"@id\":\"https:\/\/www.ae2serpa.pt\/#organization\",\"name\":\"AGRUMANENTO DE ESOLAS N.\u00ba 2 DE SERPA\",\"url\":\"https:\/\/www.ae2serpa.pt\/\",\"logo\":{\"@type\":\"ImageObject\",\"inLanguage\":\"pt-PT\",\"@id\":\"https:\/\/www.ae2serpa.pt\/#\/schema\/logo\/image\/\",\"url\":\"https:\/\/www.ae2serpa.pt\/wp-content\/uploads\/2021\/07\/AE2Serpa_LogoNovo-e1627067148639.png\",\"contentUrl\":\"https:\/\/www.ae2serpa.pt\/wp-content\/uploads\/2021\/07\/AE2Serpa_LogoNovo-e1627067148639.png\",\"width\":250,\"height\":149,\"caption\":\"AGRUMANENTO DE ESOLAS N.\u00ba 2 DE SERPA\"},\"image\":{\"@id\":\"https:\/\/www.ae2serpa.pt\/#\/schema\/logo\/image\/\"},\"sameAs\":[\"https:\/\/www.facebook.com\/AE2Serpa\/\",\"https:\/\/x.com\/ae2serpa\",\"https:\/\/www.instagram.com\/agresc2serpa\/\"]},{\"@type\":\"Person\",\"@id\":\"https:\/\/www.ae2serpa.pt\/#\/schema\/person\/ba298a033025b7e7d7ac720f01c2e835\",\"name\":\"Agrupamento de Escolas n.\u00ba 2 de Serpa\",\"image\":{\"@type\":\"ImageObject\",\"inLanguage\":\"pt-PT\",\"@id\":\"https:\/\/www.ae2serpa.pt\/#\/schema\/person\/image\/\",\"url\":\"https:\/\/secure.gravatar.com\/avatar\/31421c6b77f04d971fd7a184c189b548?s=96&d=mm&r=g\",\"contentUrl\":\"https:\/\/secure.gravatar.com\/avatar\/31421c6b77f04d971fd7a184c189b548?s=96&d=mm&r=g\",\"caption\":\"Agrupamento de Escolas n.\u00ba 2 de Serpa\"},\"sameAs\":[\"https:ae2serpa.pt\"]}]}<\/script>\n<!-- \/ Yoast SEO plugin. -->","yoast_head_json":{"title":"Concurso: T\u00e9cnico Especializado em Express\u00e3o Dram\u00e1tica (Teatro) - Agrupamento de Escolas n.\u00ba 2 de Serpa","description":"Concurso de hor\u00e1rio para formador de Express\u00e3o Dram\u00e1tica. Hor\u00e1rio anual de 12 horas letivas., dividido entre escolas do agrupamento.","robots":{"index":"index","follow":"follow","max-snippet":"max-snippet:-1","max-image-preview":"max-image-preview:large","max-video-preview":"max-video-preview:-1"},"canonical":"https:\/\/www.ae2serpa.pt\/index.php\/2022\/10\/24\/concurso-tecnico-especializado-em-expressao-dramatica-teatro\/","og_locale":"pt_PT","og_type":"article","og_title":"Concurso: T\u00e9cnico Especializado em Express\u00e3o Dram\u00e1tica (Teatro) - Agrupamento de Escolas n.\u00ba 2 de Serpa","og_description":"Concurso de hor\u00e1rio para formador de Express\u00e3o Dram\u00e1tica. Hor\u00e1rio anual de 12 horas letivas., dividido entre escolas do agrupamento.","og_url":"https:\/\/www.ae2serpa.pt\/index.php\/2022\/10\/24\/concurso-tecnico-especializado-em-expressao-dramatica-teatro\/","og_site_name":"Agrupamento de Escolas n.\u00ba 2 de Serpa","article_publisher":"https:\/\/www.facebook.com\/AE2Serpa\/","article_published_time":"2022-10-24T17:30:37+00:00","article_modified_time":"2022-10-24T17:54:39+00:00","og_image":[{"width":378,"height":189,"url":"https:\/\/www.ae2serpa.pt\/wp-content\/uploads\/2022\/08\/C_Escola.png","type":"image\/png"}],"author":"Agrupamento de Escolas n.\u00ba 2 de Serpa","twitter_card":"summary_large_image","twitter_creator":"@ae2serpa","twitter_site":"@ae2serpa","twitter_misc":{"Escrito por":"Agrupamento de Escolas n.\u00ba 2 de Serpa","Tempo estimado de leitura":"1 minuto"},"schema":{"@context":"https:\/\/schema.org","@graph":[{"@type":"Article","@id":"https:\/\/www.ae2serpa.pt\/index.php\/2022\/10\/24\/concurso-tecnico-especializado-em-expressao-dramatica-teatro\/#article","isPartOf":{"@id":"https:\/\/www.ae2serpa.pt\/index.php\/2022\/10\/24\/concurso-tecnico-especializado-em-expressao-dramatica-teatro\/"},"author":{"name":"Agrupamento de Escolas n.\u00ba 2 de Serpa","@id":"https:\/\/www.ae2serpa.pt\/#\/schema\/person\/ba298a033025b7e7d7ac720f01c2e835"},"headline":"Concurso: T\u00e9cnico Especializado em Express\u00e3o Dram\u00e1tica (Teatro)","datePublished":"2022-10-24T17:30:37+00:00","dateModified":"2022-10-24T17:54:39+00:00","mainEntityOfPage":{"@id":"https:\/\/www.ae2serpa.pt\/index.php\/2022\/10\/24\/concurso-tecnico-especializado-em-expressao-dramatica-teatro\/"},"wordCount":135,"publisher":{"@id":"https:\/\/www.ae2serpa.pt\/#organization"},"image":{"@id":"https:\/\/www.ae2serpa.pt\/index.php\/2022\/10\/24\/concurso-tecnico-especializado-em-expressao-dramatica-teatro\/#primaryimage"},"thumbnailUrl":"https:\/\/www.ae2serpa.pt\/wp-content\/uploads\/2022\/08\/C_Escola.png","keywords":["Concursos","Contrata\u00e7\u00e3o","Contrata\u00e7\u00e3o de docente","Cursos Profissionais"],"articleSection":["Concursos","Informa\u00e7\u00e3o Geral"],"inLanguage":"pt-PT"},{"@type":"WebPage","@id":"https:\/\/www.ae2serpa.pt\/index.php\/2022\/10\/24\/concurso-tecnico-especializado-em-expressao-dramatica-teatro\/","url":"https:\/\/www.ae2serpa.pt\/index.php\/2022\/10\/24\/concurso-tecnico-especializado-em-expressao-dramatica-teatro\/","name":"Concurso: T\u00e9cnico Especializado em Express\u00e3o Dram\u00e1tica (Teatro) - Agrupamento de Escolas n.\u00ba 2 de Serpa","isPartOf":{"@id":"https:\/\/www.ae2serpa.pt\/#website"},"primaryImageOfPage":{"@id":"https:\/\/www.ae2serpa.pt\/index.php\/2022\/10\/24\/concurso-tecnico-especializado-em-expressao-dramatica-teatro\/#primaryimage"},"image":{"@id":"https:\/\/www.ae2serpa.pt\/index.php\/2022\/10\/24\/concurso-tecnico-especializado-em-expressao-dramatica-teatro\/#primaryimage"},"thumbnailUrl":"https:\/\/www.ae2serpa.pt\/wp-content\/uploads\/2022\/08\/C_Escola.png","datePublished":"2022-10-24T17:30:37+00:00","dateModified":"2022-10-24T17:54:39+00:00","description":"Concurso de hor\u00e1rio para formador de Express\u00e3o Dram\u00e1tica. Hor\u00e1rio anual de 12 horas letivas., dividido entre escolas do agrupamento.","breadcrumb":{"@id":"https:\/\/www.ae2serpa.pt\/index.php\/2022\/10\/24\/concurso-tecnico-especializado-em-expressao-dramatica-teatro\/#breadcrumb"},"inLanguage":"pt-PT","potentialAction":[{"@type":"ReadAction","target":["https:\/\/www.ae2serpa.pt\/index.php\/2022\/10\/24\/concurso-tecnico-especializado-em-expressao-dramatica-teatro\/"]}]},{"@type":"ImageObject","inLanguage":"pt-PT","@id":"https:\/\/www.ae2serpa.pt\/index.php\/2022\/10\/24\/concurso-tecnico-especializado-em-expressao-dramatica-teatro\/#primaryimage","url":"https:\/\/www.ae2serpa.pt\/wp-content\/uploads\/2022\/08\/C_Escola.png","contentUrl":"https:\/\/www.ae2serpa.pt\/wp-content\/uploads\/2022\/08\/C_Escola.png","width":378,"height":189},{"@type":"BreadcrumbList","@id":"https:\/\/www.ae2serpa.pt\/index.php\/2022\/10\/24\/concurso-tecnico-especializado-em-expressao-dramatica-teatro\/#breadcrumb","itemListElement":[{"@type":"ListItem","position":1,"name":"In\u00edcio","item":"https:\/\/www.ae2serpa.pt\/"},{"@type":"ListItem","position":2,"name":"Concurso: T\u00e9cnico Especializado em Express\u00e3o Dram\u00e1tica (Teatro)"}]},{"@type":"WebSite","@id":"https:\/\/www.ae2serpa.pt\/#website","url":"https:\/\/www.ae2serpa.pt\/","name":"AGRUPAMENTO DE ESCOLAS N.\u00ba 2 DE SERPA","description":"Agrupamento de Escolas n.\u00ba 2 de Serpa","publisher":{"@id":"https:\/\/www.ae2serpa.pt\/#organization"},"potentialAction":[{"@type":"SearchAction","target":{"@type":"EntryPoint","urlTemplate":"https:\/\/www.ae2serpa.pt\/?s={search_term_string}"},"query-input":"required name=search_term_string"}],"inLanguage":"pt-PT"},{"@type":"Organization","@id":"https:\/\/www.ae2serpa.pt\/#organization","name":"AGRUMANENTO DE ESOLAS N.\u00ba 2 DE SERPA","url":"https:\/\/www.ae2serpa.pt\/","logo":{"@type":"ImageObject","inLanguage":"pt-PT","@id":"https:\/\/www.ae2serpa.pt\/#\/schema\/logo\/image\/","url":"https:\/\/www.ae2serpa.pt\/wp-content\/uploads\/2021\/07\/AE2Serpa_LogoNovo-e1627067148639.png","contentUrl":"https:\/\/www.ae2serpa.pt\/wp-content\/uploads\/2021\/07\/AE2Serpa_LogoNovo-e1627067148639.png","width":250,"height":149,"caption":"AGRUMANENTO DE ESOLAS N.\u00ba 2 DE SERPA"},"image":{"@id":"https:\/\/www.ae2serpa.pt\/#\/schema\/logo\/image\/"},"sameAs":["https:\/\/www.facebook.com\/AE2Serpa\/","https:\/\/x.com\/ae2serpa","https:\/\/www.instagram.com\/agresc2serpa\/"]},{"@type":"Person","@id":"https:\/\/www.ae2serpa.pt\/#\/schema\/person\/ba298a033025b7e7d7ac720f01c2e835","name":"Agrupamento de Escolas n.\u00ba 2 de Serpa","image":{"@type":"ImageObject","inLanguage":"pt-PT","@id":"https:\/\/www.ae2serpa.pt\/#\/schema\/person\/image\/","url":"https:\/\/secure.gravatar.com\/avatar\/31421c6b77f04d971fd7a184c189b548?s=96&d=mm&r=g","contentUrl":"https:\/\/secure.gravatar.com\/avatar\/31421c6b77f04d971fd7a184c189b548?s=96&d=mm&r=g","caption":"Agrupamento de Escolas n.\u00ba 2 de Serpa"},"sameAs":["https:ae2serpa.pt"]}]}},"_links":{"self":[{"href":"https:\/\/www.ae2serpa.pt\/index.php\/wp-json\/wp\/v2\/posts\/6647"}],"collection":[{"href":"https:\/\/www.ae2serpa.pt\/index.php\/wp-json\/wp\/v2\/posts"}],"about":[{"href":"https:\/\/www.ae2serpa.pt\/index.php\/wp-json\/wp\/v2\/types\/post"}],"author":[{"embeddable":true,"href":"https:\/\/www.ae2serpa.pt\/index.php\/wp-json\/wp\/v2\/users\/5"}],"replies":[{"embeddable":true,"href":"https:\/\/www.ae2serpa.pt\/index.php\/wp-json\/wp\/v2\/comments?post=6647"}],"version-history":[{"count":23,"href":"https:\/\/www.ae2serpa.pt\/index.php\/wp-json\/wp\/v2\/posts\/6647\/revisions"}],"predecessor-version":[{"id":6694,"href":"https:\/\/www.ae2serpa.pt\/index.php\/wp-json\/wp\/v2\/posts\/6647\/revisions\/6694"}],"wp:featuredmedia":[{"embeddable":true,"href":"https:\/\/www.ae2serpa.pt\/index.php\/wp-json\/wp\/v2\/media\/6344"}],"wp:attachment":[{"href":"https:\/\/www.ae2serpa.pt\/index.php\/wp-json\/wp\/v2\/media?parent=6647"}],"wp:term":[{"taxonomy":"category","embeddable":true,"href":"https:\/\/www.ae2serpa.pt\/index.php\/wp-json\/wp\/v2\/categories?post=6647"},{"taxonomy":"post_tag","embeddable":true,"href":"https:\/\/www.ae2serpa.pt\/index.php\/wp-json\/wp\/v2\/tags?post=6647"}],"curies":[{"name":"wp","href":"https:\/\/api.w.org\/{rel}","templated":true}]}}