{"id":4073,"date":"2021-09-18T00:10:51","date_gmt":"2021-09-17T23:10:51","guid":{"rendered":"https:\/\/www.ae2serpa.pt\/?p=4073"},"modified":"2021-09-18T00:14:59","modified_gmt":"2021-09-17T23:14:59","slug":"procedimento-concursal-recrutamento-de-tecnico-especializado-para-formacao-2","status":"publish","type":"post","link":"https:\/\/www.ae2serpa.pt\/index.php\/2021\/09\/18\/procedimento-concursal-recrutamento-de-tecnico-especializado-para-formacao-2\/","title":{"rendered":"Recrutamento de T\u00e9cnico Especializado (Express\u00e3o Dram\u00e1tica)"},"content":{"rendered":"\t\t<div data-elementor-type=\"wp-post\" data-elementor-id=\"4073\" class=\"elementor elementor-4073\">\n\t\t\t\t\t\t\t\t\t<section class=\"elementor-section elementor-top-section elementor-element elementor-element-d0b9461 elementor-section-boxed elementor-section-height-default elementor-section-height-default\" data-id=\"d0b9461\" data-element_type=\"section\">\n\t\t\t\t\t\t<div class=\"elementor-container elementor-column-gap-default\">\n\t\t\t\t\t<div class=\"elementor-column elementor-col-100 elementor-top-column elementor-element elementor-element-62821bb\" data-id=\"62821bb\" data-element_type=\"column\">\n\t\t\t<div class=\"elementor-widget-wrap elementor-element-populated\">\n\t\t\t\t\t\t\t\t<div class=\"elementor-element elementor-element-e79286a elementor-widget elementor-widget-text-editor\" data-id=\"e79286a\" data-element_type=\"widget\" data-widget_type=\"text-editor.default\">\n\t\t\t\t<div class=\"elementor-widget-container\">\n\t\t\t\t\t\t\t<p>Faz-se saber que se encontra aberto procedimento concursal para recrutamento de T\u00e9cnico Especializado para forma\u00e7\u00e3o\/leciona\u00e7\u00e3o no 2.\u00ba ciclo do ensino b\u00e1sico na \u00e1rea de Express\u00e3o Dram\u00e1tica (Hor\u00e1rio n.\u00ba 23).<\/p><p><a href=\"https:\/\/www.ae2serpa.pt\/index.php\/concursos-docentes\/procedimento-concursal-horario-n-o-23\/\">Consulte aqui<\/a> o Aviso de Abertura contendo os termos e condi\u00e7\u00f5es deste procedimento concursal.<\/p><p>As candidaturas s\u00e3o efetuadas atrav\u00e9s da plataforma\u00a0<a href=\"https:\/\/sigrhe.dgae.mec.pt\/\" target=\"_blank\" rel=\"noopener\">SIGRHE<\/a> da DGAE, at\u00e9 22\/09\/2021.<\/p><p>\u00a0<\/p>\t\t\t\t\t\t<\/div>\n\t\t\t\t<\/div>\n\t\t\t\t\t<\/div>\n\t\t<\/div>\n\t\t\t\t\t\t\t<\/div>\n\t\t<\/section>\n\t\t\t\t\t\t\t<\/div>\n\t\t","protected":false},"excerpt":{"rendered":"<p>Faz-se saber que se encontra aberto procedimento concursal para recrutamento de T\u00e9cnico Especializado para forma\u00e7\u00e3o\/leciona\u00e7\u00e3o no 2.\u00ba ciclo do ensino b\u00e1sico na \u00e1rea de Express\u00e3o Dram\u00e1tica (Hor\u00e1rio n.\u00ba 23). Consulte aqui o Aviso de Abertura contendo os termos e condi\u00e7\u00f5es deste procedimento concursal. As candidaturas s\u00e3o efetuadas atrav\u00e9s da plataforma\u00a0SIGRHE da DGAE, at\u00e9 22\/09\/2021. \u00a0<\/p>\n","protected":false},"author":5,"featured_media":0,"comment_status":"closed","ping_status":"closed","sticky":false,"template":"","format":"standard","meta":{"footnotes":""},"categories":[5],"tags":[46,39,30],"yoast_head":"<!-- This site is optimized with the Yoast SEO plugin v22.8 - https:\/\/yoast.com\/wordpress\/plugins\/seo\/ -->\n<title>Recrutamento de T\u00e9cnico Especializado (Express\u00e3o Dram\u00e1tica) - Agrupamento de Escolas n.\u00ba 2 de Serpa<\/title>\n<meta name=\"robots\" content=\"index, follow, max-snippet:-1, max-image-preview:large, max-video-preview:-1\" \/>\n<link rel=\"canonical\" href=\"https:\/\/www.ae2serpa.pt\/index.php\/2021\/09\/18\/procedimento-concursal-recrutamento-de-tecnico-especializado-para-formacao-2\/\" \/>\n<meta property=\"og:locale\" content=\"pt_PT\" \/>\n<meta property=\"og:type\" content=\"article\" \/>\n<meta property=\"og:title\" content=\"Recrutamento de T\u00e9cnico Especializado (Express\u00e3o Dram\u00e1tica) - Agrupamento de Escolas n.\u00ba 2 de Serpa\" \/>\n<meta property=\"og:description\" content=\"Faz-se saber que se encontra aberto procedimento concursal para recrutamento de T\u00e9cnico Especializado para forma\u00e7\u00e3o\/leciona\u00e7\u00e3o no 2.\u00ba ciclo do ensino b\u00e1sico na \u00e1rea de Express\u00e3o Dram\u00e1tica (Hor\u00e1rio n.\u00ba 23). Consulte aqui o Aviso de Abertura contendo os termos e condi\u00e7\u00f5es deste procedimento concursal. As candidaturas s\u00e3o efetuadas atrav\u00e9s da plataforma\u00a0SIGRHE da DGAE, at\u00e9 22\/09\/2021. \u00a0\" \/>\n<meta property=\"og:url\" content=\"https:\/\/www.ae2serpa.pt\/index.php\/2021\/09\/18\/procedimento-concursal-recrutamento-de-tecnico-especializado-para-formacao-2\/\" \/>\n<meta property=\"og:site_name\" content=\"Agrupamento de Escolas n.\u00ba 2 de Serpa\" \/>\n<meta property=\"article:publisher\" content=\"https:\/\/www.facebook.com\/AE2Serpa\/\" \/>\n<meta property=\"article:published_time\" content=\"2021-09-17T23:10:51+00:00\" \/>\n<meta property=\"article:modified_time\" content=\"2021-09-17T23:14:59+00:00\" \/>\n<meta name=\"author\" content=\"Agrupamento de Escolas n.\u00ba 2 de Serpa\" \/>\n<meta name=\"twitter:card\" content=\"summary_large_image\" \/>\n<meta name=\"twitter:creator\" content=\"@ae2serpa\" \/>\n<meta name=\"twitter:site\" content=\"@ae2serpa\" \/>\n<meta name=\"twitter:label1\" content=\"Escrito por\" \/>\n\t<meta name=\"twitter:data1\" content=\"Agrupamento de Escolas n.\u00ba 2 de Serpa\" \/>\n\t<meta name=\"twitter:label2\" content=\"Tempo estimado de leitura\" \/>\n\t<meta name=\"twitter:data2\" content=\"1 minuto\" \/>\n<script type=\"application\/ld+json\" class=\"yoast-schema-graph\">{\"@context\":\"https:\/\/schema.org\",\"@graph\":[{\"@type\":\"Article\",\"@id\":\"https:\/\/www.ae2serpa.pt\/index.php\/2021\/09\/18\/procedimento-concursal-recrutamento-de-tecnico-especializado-para-formacao-2\/#article\",\"isPartOf\":{\"@id\":\"https:\/\/www.ae2serpa.pt\/index.php\/2021\/09\/18\/procedimento-concursal-recrutamento-de-tecnico-especializado-para-formacao-2\/\"},\"author\":{\"name\":\"Agrupamento de Escolas n.\u00ba 2 de Serpa\",\"@id\":\"https:\/\/www.ae2serpa.pt\/#\/schema\/person\/ba298a033025b7e7d7ac720f01c2e835\"},\"headline\":\"Recrutamento de T\u00e9cnico Especializado (Express\u00e3o Dram\u00e1tica)\",\"datePublished\":\"2021-09-17T23:10:51+00:00\",\"dateModified\":\"2021-09-17T23:14:59+00:00\",\"mainEntityOfPage\":{\"@id\":\"https:\/\/www.ae2serpa.pt\/index.php\/2021\/09\/18\/procedimento-concursal-recrutamento-de-tecnico-especializado-para-formacao-2\/\"},\"wordCount\":72,\"publisher\":{\"@id\":\"https:\/\/www.ae2serpa.pt\/#organization\"},\"keywords\":[\"2.\u00ba ciclo\",\"Express\u00e3o Dram\u00e1tica\",\"Forma\u00e7\u00e3o\"],\"articleSection\":[\"Concursos\"],\"inLanguage\":\"pt-PT\"},{\"@type\":\"WebPage\",\"@id\":\"https:\/\/www.ae2serpa.pt\/index.php\/2021\/09\/18\/procedimento-concursal-recrutamento-de-tecnico-especializado-para-formacao-2\/\",\"url\":\"https:\/\/www.ae2serpa.pt\/index.php\/2021\/09\/18\/procedimento-concursal-recrutamento-de-tecnico-especializado-para-formacao-2\/\",\"name\":\"Recrutamento de T\u00e9cnico Especializado (Express\u00e3o Dram\u00e1tica) - Agrupamento de Escolas n.\u00ba 2 de Serpa\",\"isPartOf\":{\"@id\":\"https:\/\/www.ae2serpa.pt\/#website\"},\"datePublished\":\"2021-09-17T23:10:51+00:00\",\"dateModified\":\"2021-09-17T23:14:59+00:00\",\"breadcrumb\":{\"@id\":\"https:\/\/www.ae2serpa.pt\/index.php\/2021\/09\/18\/procedimento-concursal-recrutamento-de-tecnico-especializado-para-formacao-2\/#breadcrumb\"},\"inLanguage\":\"pt-PT\",\"potentialAction\":[{\"@type\":\"ReadAction\",\"target\":[\"https:\/\/www.ae2serpa.pt\/index.php\/2021\/09\/18\/procedimento-concursal-recrutamento-de-tecnico-especializado-para-formacao-2\/\"]}]},{\"@type\":\"BreadcrumbList\",\"@id\":\"https:\/\/www.ae2serpa.pt\/index.php\/2021\/09\/18\/procedimento-concursal-recrutamento-de-tecnico-especializado-para-formacao-2\/#breadcrumb\",\"itemListElement\":[{\"@type\":\"ListItem\",\"position\":1,\"name\":\"In\u00edcio\",\"item\":\"https:\/\/www.ae2serpa.pt\/\"},{\"@type\":\"ListItem\",\"position\":2,\"name\":\"Recrutamento de T\u00e9cnico Especializado (Express\u00e3o Dram\u00e1tica)\"}]},{\"@type\":\"WebSite\",\"@id\":\"https:\/\/www.ae2serpa.pt\/#website\",\"url\":\"https:\/\/www.ae2serpa.pt\/\",\"name\":\"AGRUPAMENTO DE ESCOLAS N.\u00ba 2 DE SERPA\",\"description\":\"Agrupamento de Escolas n.\u00ba 2 de Serpa\",\"publisher\":{\"@id\":\"https:\/\/www.ae2serpa.pt\/#organization\"},\"potentialAction\":[{\"@type\":\"SearchAction\",\"target\":{\"@type\":\"EntryPoint\",\"urlTemplate\":\"https:\/\/www.ae2serpa.pt\/?s={search_term_string}\"},\"query-input\":\"required name=search_term_string\"}],\"inLanguage\":\"pt-PT\"},{\"@type\":\"Organization\",\"@id\":\"https:\/\/www.ae2serpa.pt\/#organization\",\"name\":\"AGRUMANENTO DE ESOLAS N.\u00ba 2 DE SERPA\",\"url\":\"https:\/\/www.ae2serpa.pt\/\",\"logo\":{\"@type\":\"ImageObject\",\"inLanguage\":\"pt-PT\",\"@id\":\"https:\/\/www.ae2serpa.pt\/#\/schema\/logo\/image\/\",\"url\":\"https:\/\/www.ae2serpa.pt\/wp-content\/uploads\/2021\/07\/AE2Serpa_LogoNovo-e1627067148639.png\",\"contentUrl\":\"https:\/\/www.ae2serpa.pt\/wp-content\/uploads\/2021\/07\/AE2Serpa_LogoNovo-e1627067148639.png\",\"width\":250,\"height\":149,\"caption\":\"AGRUMANENTO DE ESOLAS N.\u00ba 2 DE SERPA\"},\"image\":{\"@id\":\"https:\/\/www.ae2serpa.pt\/#\/schema\/logo\/image\/\"},\"sameAs\":[\"https:\/\/www.facebook.com\/AE2Serpa\/\",\"https:\/\/x.com\/ae2serpa\",\"https:\/\/www.instagram.com\/agresc2serpa\/\"]},{\"@type\":\"Person\",\"@id\":\"https:\/\/www.ae2serpa.pt\/#\/schema\/person\/ba298a033025b7e7d7ac720f01c2e835\",\"name\":\"Agrupamento de Escolas n.\u00ba 2 de Serpa\",\"image\":{\"@type\":\"ImageObject\",\"inLanguage\":\"pt-PT\",\"@id\":\"https:\/\/www.ae2serpa.pt\/#\/schema\/person\/image\/\",\"url\":\"https:\/\/secure.gravatar.com\/avatar\/31421c6b77f04d971fd7a184c189b548?s=96&d=mm&r=g\",\"contentUrl\":\"https:\/\/secure.gravatar.com\/avatar\/31421c6b77f04d971fd7a184c189b548?s=96&d=mm&r=g\",\"caption\":\"Agrupamento de Escolas n.\u00ba 2 de Serpa\"},\"sameAs\":[\"https:ae2serpa.pt\"]}]}<\/script>\n<!-- \/ Yoast SEO plugin. -->","yoast_head_json":{"title":"Recrutamento de T\u00e9cnico Especializado (Express\u00e3o Dram\u00e1tica) - Agrupamento de Escolas n.\u00ba 2 de Serpa","robots":{"index":"index","follow":"follow","max-snippet":"max-snippet:-1","max-image-preview":"max-image-preview:large","max-video-preview":"max-video-preview:-1"},"canonical":"https:\/\/www.ae2serpa.pt\/index.php\/2021\/09\/18\/procedimento-concursal-recrutamento-de-tecnico-especializado-para-formacao-2\/","og_locale":"pt_PT","og_type":"article","og_title":"Recrutamento de T\u00e9cnico Especializado (Express\u00e3o Dram\u00e1tica) - Agrupamento de Escolas n.\u00ba 2 de Serpa","og_description":"Faz-se saber que se encontra aberto procedimento concursal para recrutamento de T\u00e9cnico Especializado para forma\u00e7\u00e3o\/leciona\u00e7\u00e3o no 2.\u00ba ciclo do ensino b\u00e1sico na \u00e1rea de Express\u00e3o Dram\u00e1tica (Hor\u00e1rio n.\u00ba 23). Consulte aqui o Aviso de Abertura contendo os termos e condi\u00e7\u00f5es deste procedimento concursal. As candidaturas s\u00e3o efetuadas atrav\u00e9s da plataforma\u00a0SIGRHE da DGAE, at\u00e9 22\/09\/2021. \u00a0","og_url":"https:\/\/www.ae2serpa.pt\/index.php\/2021\/09\/18\/procedimento-concursal-recrutamento-de-tecnico-especializado-para-formacao-2\/","og_site_name":"Agrupamento de Escolas n.\u00ba 2 de Serpa","article_publisher":"https:\/\/www.facebook.com\/AE2Serpa\/","article_published_time":"2021-09-17T23:10:51+00:00","article_modified_time":"2021-09-17T23:14:59+00:00","author":"Agrupamento de Escolas n.\u00ba 2 de Serpa","twitter_card":"summary_large_image","twitter_creator":"@ae2serpa","twitter_site":"@ae2serpa","twitter_misc":{"Escrito por":"Agrupamento de Escolas n.\u00ba 2 de Serpa","Tempo estimado de leitura":"1 minuto"},"schema":{"@context":"https:\/\/schema.org","@graph":[{"@type":"Article","@id":"https:\/\/www.ae2serpa.pt\/index.php\/2021\/09\/18\/procedimento-concursal-recrutamento-de-tecnico-especializado-para-formacao-2\/#article","isPartOf":{"@id":"https:\/\/www.ae2serpa.pt\/index.php\/2021\/09\/18\/procedimento-concursal-recrutamento-de-tecnico-especializado-para-formacao-2\/"},"author":{"name":"Agrupamento de Escolas n.\u00ba 2 de Serpa","@id":"https:\/\/www.ae2serpa.pt\/#\/schema\/person\/ba298a033025b7e7d7ac720f01c2e835"},"headline":"Recrutamento de T\u00e9cnico Especializado (Express\u00e3o Dram\u00e1tica)","datePublished":"2021-09-17T23:10:51+00:00","dateModified":"2021-09-17T23:14:59+00:00","mainEntityOfPage":{"@id":"https:\/\/www.ae2serpa.pt\/index.php\/2021\/09\/18\/procedimento-concursal-recrutamento-de-tecnico-especializado-para-formacao-2\/"},"wordCount":72,"publisher":{"@id":"https:\/\/www.ae2serpa.pt\/#organization"},"keywords":["2.\u00ba ciclo","Express\u00e3o Dram\u00e1tica","Forma\u00e7\u00e3o"],"articleSection":["Concursos"],"inLanguage":"pt-PT"},{"@type":"WebPage","@id":"https:\/\/www.ae2serpa.pt\/index.php\/2021\/09\/18\/procedimento-concursal-recrutamento-de-tecnico-especializado-para-formacao-2\/","url":"https:\/\/www.ae2serpa.pt\/index.php\/2021\/09\/18\/procedimento-concursal-recrutamento-de-tecnico-especializado-para-formacao-2\/","name":"Recrutamento de T\u00e9cnico Especializado (Express\u00e3o Dram\u00e1tica) - Agrupamento de Escolas n.\u00ba 2 de Serpa","isPartOf":{"@id":"https:\/\/www.ae2serpa.pt\/#website"},"datePublished":"2021-09-17T23:10:51+00:00","dateModified":"2021-09-17T23:14:59+00:00","breadcrumb":{"@id":"https:\/\/www.ae2serpa.pt\/index.php\/2021\/09\/18\/procedimento-concursal-recrutamento-de-tecnico-especializado-para-formacao-2\/#breadcrumb"},"inLanguage":"pt-PT","potentialAction":[{"@type":"ReadAction","target":["https:\/\/www.ae2serpa.pt\/index.php\/2021\/09\/18\/procedimento-concursal-recrutamento-de-tecnico-especializado-para-formacao-2\/"]}]},{"@type":"BreadcrumbList","@id":"https:\/\/www.ae2serpa.pt\/index.php\/2021\/09\/18\/procedimento-concursal-recrutamento-de-tecnico-especializado-para-formacao-2\/#breadcrumb","itemListElement":[{"@type":"ListItem","position":1,"name":"In\u00edcio","item":"https:\/\/www.ae2serpa.pt\/"},{"@type":"ListItem","position":2,"name":"Recrutamento de T\u00e9cnico Especializado (Express\u00e3o Dram\u00e1tica)"}]},{"@type":"WebSite","@id":"https:\/\/www.ae2serpa.pt\/#website","url":"https:\/\/www.ae2serpa.pt\/","name":"AGRUPAMENTO DE ESCOLAS N.\u00ba 2 DE SERPA","description":"Agrupamento de Escolas n.\u00ba 2 de Serpa","publisher":{"@id":"https:\/\/www.ae2serpa.pt\/#organization"},"potentialAction":[{"@type":"SearchAction","target":{"@type":"EntryPoint","urlTemplate":"https:\/\/www.ae2serpa.pt\/?s={search_term_string}"},"query-input":"required name=search_term_string"}],"inLanguage":"pt-PT"},{"@type":"Organization","@id":"https:\/\/www.ae2serpa.pt\/#organization","name":"AGRUMANENTO DE ESOLAS N.\u00ba 2 DE SERPA","url":"https:\/\/www.ae2serpa.pt\/","logo":{"@type":"ImageObject","inLanguage":"pt-PT","@id":"https:\/\/www.ae2serpa.pt\/#\/schema\/logo\/image\/","url":"https:\/\/www.ae2serpa.pt\/wp-content\/uploads\/2021\/07\/AE2Serpa_LogoNovo-e1627067148639.png","contentUrl":"https:\/\/www.ae2serpa.pt\/wp-content\/uploads\/2021\/07\/AE2Serpa_LogoNovo-e1627067148639.png","width":250,"height":149,"caption":"AGRUMANENTO DE ESOLAS N.\u00ba 2 DE SERPA"},"image":{"@id":"https:\/\/www.ae2serpa.pt\/#\/schema\/logo\/image\/"},"sameAs":["https:\/\/www.facebook.com\/AE2Serpa\/","https:\/\/x.com\/ae2serpa","https:\/\/www.instagram.com\/agresc2serpa\/"]},{"@type":"Person","@id":"https:\/\/www.ae2serpa.pt\/#\/schema\/person\/ba298a033025b7e7d7ac720f01c2e835","name":"Agrupamento de Escolas n.\u00ba 2 de Serpa","image":{"@type":"ImageObject","inLanguage":"pt-PT","@id":"https:\/\/www.ae2serpa.pt\/#\/schema\/person\/image\/","url":"https:\/\/secure.gravatar.com\/avatar\/31421c6b77f04d971fd7a184c189b548?s=96&d=mm&r=g","contentUrl":"https:\/\/secure.gravatar.com\/avatar\/31421c6b77f04d971fd7a184c189b548?s=96&d=mm&r=g","caption":"Agrupamento de Escolas n.\u00ba 2 de Serpa"},"sameAs":["https:ae2serpa.pt"]}]}},"_links":{"self":[{"href":"https:\/\/www.ae2serpa.pt\/index.php\/wp-json\/wp\/v2\/posts\/4073"}],"collection":[{"href":"https:\/\/www.ae2serpa.pt\/index.php\/wp-json\/wp\/v2\/posts"}],"about":[{"href":"https:\/\/www.ae2serpa.pt\/index.php\/wp-json\/wp\/v2\/types\/post"}],"author":[{"embeddable":true,"href":"https:\/\/www.ae2serpa.pt\/index.php\/wp-json\/wp\/v2\/users\/5"}],"replies":[{"embeddable":true,"href":"https:\/\/www.ae2serpa.pt\/index.php\/wp-json\/wp\/v2\/comments?post=4073"}],"version-history":[{"count":4,"href":"https:\/\/www.ae2serpa.pt\/index.php\/wp-json\/wp\/v2\/posts\/4073\/revisions"}],"predecessor-version":[{"id":4077,"href":"https:\/\/www.ae2serpa.pt\/index.php\/wp-json\/wp\/v2\/posts\/4073\/revisions\/4077"}],"wp:attachment":[{"href":"https:\/\/www.ae2serpa.pt\/index.php\/wp-json\/wp\/v2\/media?parent=4073"}],"wp:term":[{"taxonomy":"category","embeddable":true,"href":"https:\/\/www.ae2serpa.pt\/index.php\/wp-json\/wp\/v2\/categories?post=4073"},{"taxonomy":"post_tag","embeddable":true,"href":"https:\/\/www.ae2serpa.pt\/index.php\/wp-json\/wp\/v2\/tags?post=4073"}],"curies":[{"name":"wp","href":"https:\/\/api.w.org\/{rel}","templated":true}]}}