{"id":3262,"date":"2021-08-11T17:47:24","date_gmt":"2021-08-11T16:47:24","guid":{"rendered":"https:\/\/www.ae2serpa.pt\/?p=3262"},"modified":"2021-08-11T17:51:24","modified_gmt":"2021-08-11T16:51:24","slug":"inscricoes-2-a-fase-esclarecimento-jne","status":"publish","type":"post","link":"https:\/\/www.ae2serpa.pt\/index.php\/2021\/08\/11\/inscricoes-2-a-fase-esclarecimento-jne\/","title":{"rendered":"Inscri\u00e7\u00f5es 2.\u00aa fase &#8211; Esclarecimento JNE"},"content":{"rendered":"\t\t<div data-elementor-type=\"wp-post\" data-elementor-id=\"3262\" class=\"elementor elementor-3262\">\n\t\t\t\t\t\t\t\t\t<section class=\"elementor-section elementor-top-section elementor-element elementor-element-95341e6 elementor-section-boxed elementor-section-height-default elementor-section-height-default\" data-id=\"95341e6\" data-element_type=\"section\">\n\t\t\t\t\t\t<div class=\"elementor-container elementor-column-gap-default\">\n\t\t\t\t\t<div class=\"elementor-column elementor-col-50 elementor-top-column elementor-element elementor-element-c0963fa\" data-id=\"c0963fa\" data-element_type=\"column\">\n\t\t\t<div class=\"elementor-widget-wrap elementor-element-populated\">\n\t\t\t\t\t\t\t\t<div class=\"elementor-element elementor-element-d695745 elementor-widget elementor-widget-image\" data-id=\"d695745\" data-element_type=\"widget\" data-widget_type=\"image.default\">\n\t\t\t\t<div class=\"elementor-widget-container\">\n\t\t\t\t\t\t\t\t\t\t\t\t\t\t\t<img decoding=\"async\" src=\"https:\/\/www.ae2serpa.pt\/wp-content\/uploads\/elementor\/thumbs\/JNE_Logo-pbgtemzsvmji5xsnzmr92sx94q3ib5r87e3dj014k8.jpg\" title=\"JNE_Logo\" alt=\"JNE_Logo\" loading=\"lazy\" \/>\t\t\t\t\t\t\t\t\t\t\t\t\t\t\t<\/div>\n\t\t\t\t<\/div>\n\t\t\t\t\t<\/div>\n\t\t<\/div>\n\t\t\t\t<div class=\"elementor-column elementor-col-50 elementor-top-column elementor-element elementor-element-0f470cb\" data-id=\"0f470cb\" data-element_type=\"column\">\n\t\t\t<div class=\"elementor-widget-wrap elementor-element-populated\">\n\t\t\t\t\t\t\t\t<div class=\"elementor-element elementor-element-ad6a9cf elementor-widget elementor-widget-text-editor\" data-id=\"ad6a9cf\" data-element_type=\"widget\" data-widget_type=\"text-editor.default\">\n\t\t\t\t<div class=\"elementor-widget-container\">\n\t\t\t\t\t\t\t<p>Foi divulgado \u00e1s escolas um esclarecimento do J\u00fari Nacionais de Exames (JNE), relativo \u00e0s inscri\u00e7\u00f5es na 2.\u00aa fase do Exames Nacionais.<br \/>Este esclarecimento respeita \u00e0 utiliza\u00e7\u00e3o que pode ser dada, pelos alunos, \u00e0s provas a realizar na 2.\u00aa fase (setembro), e em que condi\u00e7\u00f5es podem ser eleg\u00edveis para inscri\u00e7\u00e3o e realiza\u00e7\u00e3o das provas.<br \/>Um resumo do esclarecimento <a href=\"https:\/\/www.ae2serpa.pt\/index.php\/provas-exames\/\">pode ser consultado aqui<\/a>.<\/p>\t\t\t\t\t\t<\/div>\n\t\t\t\t<\/div>\n\t\t\t\t\t<\/div>\n\t\t<\/div>\n\t\t\t\t\t\t\t<\/div>\n\t\t<\/section>\n\t\t\t\t\t\t\t<\/div>\n\t\t","protected":false},"excerpt":{"rendered":"<p>Foi divulgado \u00e1s escolas um esclarecimento do J\u00fari Nacionais de Exames (JNE), relativo \u00e0s inscri\u00e7\u00f5es na 2.\u00aa fase do Exames Nacionais.Este esclarecimento respeita \u00e0 utiliza\u00e7\u00e3o que pode ser dada, pelos alunos, \u00e0s provas a realizar na 2.\u00aa fase (setembro), e em que condi\u00e7\u00f5es podem ser eleg\u00edveis para inscri\u00e7\u00e3o e realiza\u00e7\u00e3o das provas.Um resumo do esclarecimento [&hellip;]<\/p>\n","protected":false},"author":5,"featured_media":0,"comment_status":"closed","ping_status":"closed","sticky":false,"template":"","format":"standard","meta":{"footnotes":""},"categories":[12],"tags":[],"yoast_head":"<!-- This site is optimized with the Yoast SEO plugin v22.8 - https:\/\/yoast.com\/wordpress\/plugins\/seo\/ -->\n<title>Inscri\u00e7\u00f5es 2.\u00aa fase - Esclarecimento JNE - Agrupamento de Escolas n.\u00ba 2 de Serpa<\/title>\n<meta name=\"robots\" content=\"index, follow, max-snippet:-1, max-image-preview:large, max-video-preview:-1\" \/>\n<link rel=\"canonical\" href=\"https:\/\/www.ae2serpa.pt\/index.php\/2021\/08\/11\/inscricoes-2-a-fase-esclarecimento-jne\/\" \/>\n<meta property=\"og:locale\" content=\"pt_PT\" \/>\n<meta property=\"og:type\" content=\"article\" \/>\n<meta property=\"og:title\" content=\"Inscri\u00e7\u00f5es 2.\u00aa fase - Esclarecimento JNE - Agrupamento de Escolas n.\u00ba 2 de Serpa\" \/>\n<meta property=\"og:description\" content=\"Foi divulgado \u00e1s escolas um esclarecimento do J\u00fari Nacionais de Exames (JNE), relativo \u00e0s inscri\u00e7\u00f5es na 2.\u00aa fase do Exames Nacionais.Este esclarecimento respeita \u00e0 utiliza\u00e7\u00e3o que pode ser dada, pelos alunos, \u00e0s provas a realizar na 2.\u00aa fase (setembro), e em que condi\u00e7\u00f5es podem ser eleg\u00edveis para inscri\u00e7\u00e3o e realiza\u00e7\u00e3o das provas.Um resumo do esclarecimento [&hellip;]\" \/>\n<meta property=\"og:url\" content=\"https:\/\/www.ae2serpa.pt\/index.php\/2021\/08\/11\/inscricoes-2-a-fase-esclarecimento-jne\/\" \/>\n<meta property=\"og:site_name\" content=\"Agrupamento de Escolas n.\u00ba 2 de Serpa\" \/>\n<meta property=\"article:publisher\" content=\"https:\/\/www.facebook.com\/AE2Serpa\/\" \/>\n<meta property=\"article:published_time\" content=\"2021-08-11T16:47:24+00:00\" \/>\n<meta property=\"article:modified_time\" content=\"2021-08-11T16:51:24+00:00\" \/>\n<meta property=\"og:image\" content=\"https:\/\/www.ae2serpa.pt\/wp-content\/uploads\/elementor\/thumbs\/JNE_Logo-pbgtemzsvmji5xsnzmr92sx94q3ib5r87e3dj014k8.jpg\" \/>\n<meta name=\"author\" content=\"Agrupamento de Escolas n.\u00ba 2 de Serpa\" \/>\n<meta name=\"twitter:card\" content=\"summary_large_image\" \/>\n<meta name=\"twitter:creator\" content=\"@ae2serpa\" \/>\n<meta name=\"twitter:site\" content=\"@ae2serpa\" \/>\n<meta name=\"twitter:label1\" content=\"Escrito por\" \/>\n\t<meta name=\"twitter:data1\" content=\"Agrupamento de Escolas n.\u00ba 2 de Serpa\" \/>\n\t<meta name=\"twitter:label2\" content=\"Tempo estimado de leitura\" \/>\n\t<meta name=\"twitter:data2\" content=\"1 minuto\" \/>\n<script type=\"application\/ld+json\" class=\"yoast-schema-graph\">{\"@context\":\"https:\/\/schema.org\",\"@graph\":[{\"@type\":\"Article\",\"@id\":\"https:\/\/www.ae2serpa.pt\/index.php\/2021\/08\/11\/inscricoes-2-a-fase-esclarecimento-jne\/#article\",\"isPartOf\":{\"@id\":\"https:\/\/www.ae2serpa.pt\/index.php\/2021\/08\/11\/inscricoes-2-a-fase-esclarecimento-jne\/\"},\"author\":{\"name\":\"Agrupamento de Escolas n.\u00ba 2 de Serpa\",\"@id\":\"https:\/\/www.ae2serpa.pt\/#\/schema\/person\/ba298a033025b7e7d7ac720f01c2e835\"},\"headline\":\"Inscri\u00e7\u00f5es 2.\u00aa fase &#8211; Esclarecimento JNE\",\"datePublished\":\"2021-08-11T16:47:24+00:00\",\"dateModified\":\"2021-08-11T16:51:24+00:00\",\"mainEntityOfPage\":{\"@id\":\"https:\/\/www.ae2serpa.pt\/index.php\/2021\/08\/11\/inscricoes-2-a-fase-esclarecimento-jne\/\"},\"wordCount\":71,\"publisher\":{\"@id\":\"https:\/\/www.ae2serpa.pt\/#organization\"},\"image\":{\"@id\":\"https:\/\/www.ae2serpa.pt\/index.php\/2021\/08\/11\/inscricoes-2-a-fase-esclarecimento-jne\/#primaryimage\"},\"thumbnailUrl\":\"https:\/\/www.ae2serpa.pt\/wp-content\/uploads\/elementor\/thumbs\/JNE_Logo-pbgtemzsvmji5xsnzmr92sx94q3ib5r87e3dj014k8.jpg\",\"articleSection\":[\"Informa\u00e7\u00f5es alunos\"],\"inLanguage\":\"pt-PT\"},{\"@type\":\"WebPage\",\"@id\":\"https:\/\/www.ae2serpa.pt\/index.php\/2021\/08\/11\/inscricoes-2-a-fase-esclarecimento-jne\/\",\"url\":\"https:\/\/www.ae2serpa.pt\/index.php\/2021\/08\/11\/inscricoes-2-a-fase-esclarecimento-jne\/\",\"name\":\"Inscri\u00e7\u00f5es 2.\u00aa fase - Esclarecimento JNE - Agrupamento de Escolas n.\u00ba 2 de Serpa\",\"isPartOf\":{\"@id\":\"https:\/\/www.ae2serpa.pt\/#website\"},\"primaryImageOfPage\":{\"@id\":\"https:\/\/www.ae2serpa.pt\/index.php\/2021\/08\/11\/inscricoes-2-a-fase-esclarecimento-jne\/#primaryimage\"},\"image\":{\"@id\":\"https:\/\/www.ae2serpa.pt\/index.php\/2021\/08\/11\/inscricoes-2-a-fase-esclarecimento-jne\/#primaryimage\"},\"thumbnailUrl\":\"https:\/\/www.ae2serpa.pt\/wp-content\/uploads\/elementor\/thumbs\/JNE_Logo-pbgtemzsvmji5xsnzmr92sx94q3ib5r87e3dj014k8.jpg\",\"datePublished\":\"2021-08-11T16:47:24+00:00\",\"dateModified\":\"2021-08-11T16:51:24+00:00\",\"breadcrumb\":{\"@id\":\"https:\/\/www.ae2serpa.pt\/index.php\/2021\/08\/11\/inscricoes-2-a-fase-esclarecimento-jne\/#breadcrumb\"},\"inLanguage\":\"pt-PT\",\"potentialAction\":[{\"@type\":\"ReadAction\",\"target\":[\"https:\/\/www.ae2serpa.pt\/index.php\/2021\/08\/11\/inscricoes-2-a-fase-esclarecimento-jne\/\"]}]},{\"@type\":\"ImageObject\",\"inLanguage\":\"pt-PT\",\"@id\":\"https:\/\/www.ae2serpa.pt\/index.php\/2021\/08\/11\/inscricoes-2-a-fase-esclarecimento-jne\/#primaryimage\",\"url\":\"https:\/\/www.ae2serpa.pt\/wp-content\/uploads\/elementor\/thumbs\/JNE_Logo-pbgtemzsvmji5xsnzmr92sx94q3ib5r87e3dj014k8.jpg\",\"contentUrl\":\"https:\/\/www.ae2serpa.pt\/wp-content\/uploads\/elementor\/thumbs\/JNE_Logo-pbgtemzsvmji5xsnzmr92sx94q3ib5r87e3dj014k8.jpg\"},{\"@type\":\"BreadcrumbList\",\"@id\":\"https:\/\/www.ae2serpa.pt\/index.php\/2021\/08\/11\/inscricoes-2-a-fase-esclarecimento-jne\/#breadcrumb\",\"itemListElement\":[{\"@type\":\"ListItem\",\"position\":1,\"name\":\"In\u00edcio\",\"item\":\"https:\/\/www.ae2serpa.pt\/\"},{\"@type\":\"ListItem\",\"position\":2,\"name\":\"Inscri\u00e7\u00f5es 2.\u00aa fase &#8211; Esclarecimento JNE\"}]},{\"@type\":\"WebSite\",\"@id\":\"https:\/\/www.ae2serpa.pt\/#website\",\"url\":\"https:\/\/www.ae2serpa.pt\/\",\"name\":\"AGRUPAMENTO DE ESCOLAS N.\u00ba 2 DE SERPA\",\"description\":\"Agrupamento de Escolas n.\u00ba 2 de Serpa\",\"publisher\":{\"@id\":\"https:\/\/www.ae2serpa.pt\/#organization\"},\"potentialAction\":[{\"@type\":\"SearchAction\",\"target\":{\"@type\":\"EntryPoint\",\"urlTemplate\":\"https:\/\/www.ae2serpa.pt\/?s={search_term_string}\"},\"query-input\":\"required name=search_term_string\"}],\"inLanguage\":\"pt-PT\"},{\"@type\":\"Organization\",\"@id\":\"https:\/\/www.ae2serpa.pt\/#organization\",\"name\":\"AGRUMANENTO DE ESOLAS N.\u00ba 2 DE SERPA\",\"url\":\"https:\/\/www.ae2serpa.pt\/\",\"logo\":{\"@type\":\"ImageObject\",\"inLanguage\":\"pt-PT\",\"@id\":\"https:\/\/www.ae2serpa.pt\/#\/schema\/logo\/image\/\",\"url\":\"https:\/\/www.ae2serpa.pt\/wp-content\/uploads\/2021\/07\/AE2Serpa_LogoNovo-e1627067148639.png\",\"contentUrl\":\"https:\/\/www.ae2serpa.pt\/wp-content\/uploads\/2021\/07\/AE2Serpa_LogoNovo-e1627067148639.png\",\"width\":250,\"height\":149,\"caption\":\"AGRUMANENTO DE ESOLAS N.\u00ba 2 DE SERPA\"},\"image\":{\"@id\":\"https:\/\/www.ae2serpa.pt\/#\/schema\/logo\/image\/\"},\"sameAs\":[\"https:\/\/www.facebook.com\/AE2Serpa\/\",\"https:\/\/x.com\/ae2serpa\",\"https:\/\/www.instagram.com\/agresc2serpa\/\"]},{\"@type\":\"Person\",\"@id\":\"https:\/\/www.ae2serpa.pt\/#\/schema\/person\/ba298a033025b7e7d7ac720f01c2e835\",\"name\":\"Agrupamento de Escolas n.\u00ba 2 de Serpa\",\"image\":{\"@type\":\"ImageObject\",\"inLanguage\":\"pt-PT\",\"@id\":\"https:\/\/www.ae2serpa.pt\/#\/schema\/person\/image\/\",\"url\":\"https:\/\/secure.gravatar.com\/avatar\/31421c6b77f04d971fd7a184c189b548?s=96&d=mm&r=g\",\"contentUrl\":\"https:\/\/secure.gravatar.com\/avatar\/31421c6b77f04d971fd7a184c189b548?s=96&d=mm&r=g\",\"caption\":\"Agrupamento de Escolas n.\u00ba 2 de Serpa\"},\"sameAs\":[\"https:ae2serpa.pt\"]}]}<\/script>\n<!-- \/ Yoast SEO plugin. -->","yoast_head_json":{"title":"Inscri\u00e7\u00f5es 2.\u00aa fase - Esclarecimento JNE - Agrupamento de Escolas n.\u00ba 2 de Serpa","robots":{"index":"index","follow":"follow","max-snippet":"max-snippet:-1","max-image-preview":"max-image-preview:large","max-video-preview":"max-video-preview:-1"},"canonical":"https:\/\/www.ae2serpa.pt\/index.php\/2021\/08\/11\/inscricoes-2-a-fase-esclarecimento-jne\/","og_locale":"pt_PT","og_type":"article","og_title":"Inscri\u00e7\u00f5es 2.\u00aa fase - Esclarecimento JNE - Agrupamento de Escolas n.\u00ba 2 de Serpa","og_description":"Foi divulgado \u00e1s escolas um esclarecimento do J\u00fari Nacionais de Exames (JNE), relativo \u00e0s inscri\u00e7\u00f5es na 2.\u00aa fase do Exames Nacionais.Este esclarecimento respeita \u00e0 utiliza\u00e7\u00e3o que pode ser dada, pelos alunos, \u00e0s provas a realizar na 2.\u00aa fase (setembro), e em que condi\u00e7\u00f5es podem ser eleg\u00edveis para inscri\u00e7\u00e3o e realiza\u00e7\u00e3o das provas.Um resumo do esclarecimento [&hellip;]","og_url":"https:\/\/www.ae2serpa.pt\/index.php\/2021\/08\/11\/inscricoes-2-a-fase-esclarecimento-jne\/","og_site_name":"Agrupamento de Escolas n.\u00ba 2 de Serpa","article_publisher":"https:\/\/www.facebook.com\/AE2Serpa\/","article_published_time":"2021-08-11T16:47:24+00:00","article_modified_time":"2021-08-11T16:51:24+00:00","og_image":[{"url":"https:\/\/www.ae2serpa.pt\/wp-content\/uploads\/elementor\/thumbs\/JNE_Logo-pbgtemzsvmji5xsnzmr92sx94q3ib5r87e3dj014k8.jpg"}],"author":"Agrupamento de Escolas n.\u00ba 2 de Serpa","twitter_card":"summary_large_image","twitter_creator":"@ae2serpa","twitter_site":"@ae2serpa","twitter_misc":{"Escrito por":"Agrupamento de Escolas n.\u00ba 2 de Serpa","Tempo estimado de leitura":"1 minuto"},"schema":{"@context":"https:\/\/schema.org","@graph":[{"@type":"Article","@id":"https:\/\/www.ae2serpa.pt\/index.php\/2021\/08\/11\/inscricoes-2-a-fase-esclarecimento-jne\/#article","isPartOf":{"@id":"https:\/\/www.ae2serpa.pt\/index.php\/2021\/08\/11\/inscricoes-2-a-fase-esclarecimento-jne\/"},"author":{"name":"Agrupamento de Escolas n.\u00ba 2 de Serpa","@id":"https:\/\/www.ae2serpa.pt\/#\/schema\/person\/ba298a033025b7e7d7ac720f01c2e835"},"headline":"Inscri\u00e7\u00f5es 2.\u00aa fase &#8211; Esclarecimento JNE","datePublished":"2021-08-11T16:47:24+00:00","dateModified":"2021-08-11T16:51:24+00:00","mainEntityOfPage":{"@id":"https:\/\/www.ae2serpa.pt\/index.php\/2021\/08\/11\/inscricoes-2-a-fase-esclarecimento-jne\/"},"wordCount":71,"publisher":{"@id":"https:\/\/www.ae2serpa.pt\/#organization"},"image":{"@id":"https:\/\/www.ae2serpa.pt\/index.php\/2021\/08\/11\/inscricoes-2-a-fase-esclarecimento-jne\/#primaryimage"},"thumbnailUrl":"https:\/\/www.ae2serpa.pt\/wp-content\/uploads\/elementor\/thumbs\/JNE_Logo-pbgtemzsvmji5xsnzmr92sx94q3ib5r87e3dj014k8.jpg","articleSection":["Informa\u00e7\u00f5es alunos"],"inLanguage":"pt-PT"},{"@type":"WebPage","@id":"https:\/\/www.ae2serpa.pt\/index.php\/2021\/08\/11\/inscricoes-2-a-fase-esclarecimento-jne\/","url":"https:\/\/www.ae2serpa.pt\/index.php\/2021\/08\/11\/inscricoes-2-a-fase-esclarecimento-jne\/","name":"Inscri\u00e7\u00f5es 2.\u00aa fase - Esclarecimento JNE - Agrupamento de Escolas n.\u00ba 2 de Serpa","isPartOf":{"@id":"https:\/\/www.ae2serpa.pt\/#website"},"primaryImageOfPage":{"@id":"https:\/\/www.ae2serpa.pt\/index.php\/2021\/08\/11\/inscricoes-2-a-fase-esclarecimento-jne\/#primaryimage"},"image":{"@id":"https:\/\/www.ae2serpa.pt\/index.php\/2021\/08\/11\/inscricoes-2-a-fase-esclarecimento-jne\/#primaryimage"},"thumbnailUrl":"https:\/\/www.ae2serpa.pt\/wp-content\/uploads\/elementor\/thumbs\/JNE_Logo-pbgtemzsvmji5xsnzmr92sx94q3ib5r87e3dj014k8.jpg","datePublished":"2021-08-11T16:47:24+00:00","dateModified":"2021-08-11T16:51:24+00:00","breadcrumb":{"@id":"https:\/\/www.ae2serpa.pt\/index.php\/2021\/08\/11\/inscricoes-2-a-fase-esclarecimento-jne\/#breadcrumb"},"inLanguage":"pt-PT","potentialAction":[{"@type":"ReadAction","target":["https:\/\/www.ae2serpa.pt\/index.php\/2021\/08\/11\/inscricoes-2-a-fase-esclarecimento-jne\/"]}]},{"@type":"ImageObject","inLanguage":"pt-PT","@id":"https:\/\/www.ae2serpa.pt\/index.php\/2021\/08\/11\/inscricoes-2-a-fase-esclarecimento-jne\/#primaryimage","url":"https:\/\/www.ae2serpa.pt\/wp-content\/uploads\/elementor\/thumbs\/JNE_Logo-pbgtemzsvmji5xsnzmr92sx94q3ib5r87e3dj014k8.jpg","contentUrl":"https:\/\/www.ae2serpa.pt\/wp-content\/uploads\/elementor\/thumbs\/JNE_Logo-pbgtemzsvmji5xsnzmr92sx94q3ib5r87e3dj014k8.jpg"},{"@type":"BreadcrumbList","@id":"https:\/\/www.ae2serpa.pt\/index.php\/2021\/08\/11\/inscricoes-2-a-fase-esclarecimento-jne\/#breadcrumb","itemListElement":[{"@type":"ListItem","position":1,"name":"In\u00edcio","item":"https:\/\/www.ae2serpa.pt\/"},{"@type":"ListItem","position":2,"name":"Inscri\u00e7\u00f5es 2.\u00aa fase &#8211; Esclarecimento JNE"}]},{"@type":"WebSite","@id":"https:\/\/www.ae2serpa.pt\/#website","url":"https:\/\/www.ae2serpa.pt\/","name":"AGRUPAMENTO DE ESCOLAS N.\u00ba 2 DE SERPA","description":"Agrupamento de Escolas n.\u00ba 2 de Serpa","publisher":{"@id":"https:\/\/www.ae2serpa.pt\/#organization"},"potentialAction":[{"@type":"SearchAction","target":{"@type":"EntryPoint","urlTemplate":"https:\/\/www.ae2serpa.pt\/?s={search_term_string}"},"query-input":"required name=search_term_string"}],"inLanguage":"pt-PT"},{"@type":"Organization","@id":"https:\/\/www.ae2serpa.pt\/#organization","name":"AGRUMANENTO DE ESOLAS N.\u00ba 2 DE SERPA","url":"https:\/\/www.ae2serpa.pt\/","logo":{"@type":"ImageObject","inLanguage":"pt-PT","@id":"https:\/\/www.ae2serpa.pt\/#\/schema\/logo\/image\/","url":"https:\/\/www.ae2serpa.pt\/wp-content\/uploads\/2021\/07\/AE2Serpa_LogoNovo-e1627067148639.png","contentUrl":"https:\/\/www.ae2serpa.pt\/wp-content\/uploads\/2021\/07\/AE2Serpa_LogoNovo-e1627067148639.png","width":250,"height":149,"caption":"AGRUMANENTO DE ESOLAS N.\u00ba 2 DE SERPA"},"image":{"@id":"https:\/\/www.ae2serpa.pt\/#\/schema\/logo\/image\/"},"sameAs":["https:\/\/www.facebook.com\/AE2Serpa\/","https:\/\/x.com\/ae2serpa","https:\/\/www.instagram.com\/agresc2serpa\/"]},{"@type":"Person","@id":"https:\/\/www.ae2serpa.pt\/#\/schema\/person\/ba298a033025b7e7d7ac720f01c2e835","name":"Agrupamento de Escolas n.\u00ba 2 de Serpa","image":{"@type":"ImageObject","inLanguage":"pt-PT","@id":"https:\/\/www.ae2serpa.pt\/#\/schema\/person\/image\/","url":"https:\/\/secure.gravatar.com\/avatar\/31421c6b77f04d971fd7a184c189b548?s=96&d=mm&r=g","contentUrl":"https:\/\/secure.gravatar.com\/avatar\/31421c6b77f04d971fd7a184c189b548?s=96&d=mm&r=g","caption":"Agrupamento de Escolas n.\u00ba 2 de Serpa"},"sameAs":["https:ae2serpa.pt"]}]}},"_links":{"self":[{"href":"https:\/\/www.ae2serpa.pt\/index.php\/wp-json\/wp\/v2\/posts\/3262"}],"collection":[{"href":"https:\/\/www.ae2serpa.pt\/index.php\/wp-json\/wp\/v2\/posts"}],"about":[{"href":"https:\/\/www.ae2serpa.pt\/index.php\/wp-json\/wp\/v2\/types\/post"}],"author":[{"embeddable":true,"href":"https:\/\/www.ae2serpa.pt\/index.php\/wp-json\/wp\/v2\/users\/5"}],"replies":[{"embeddable":true,"href":"https:\/\/www.ae2serpa.pt\/index.php\/wp-json\/wp\/v2\/comments?post=3262"}],"version-history":[{"count":11,"href":"https:\/\/www.ae2serpa.pt\/index.php\/wp-json\/wp\/v2\/posts\/3262\/revisions"}],"predecessor-version":[{"id":3274,"href":"https:\/\/www.ae2serpa.pt\/index.php\/wp-json\/wp\/v2\/posts\/3262\/revisions\/3274"}],"wp:attachment":[{"href":"https:\/\/www.ae2serpa.pt\/index.php\/wp-json\/wp\/v2\/media?parent=3262"}],"wp:term":[{"taxonomy":"category","embeddable":true,"href":"https:\/\/www.ae2serpa.pt\/index.php\/wp-json\/wp\/v2\/categories?post=3262"},{"taxonomy":"post_tag","embeddable":true,"href":"https:\/\/www.ae2serpa.pt\/index.php\/wp-json\/wp\/v2\/tags?post=3262"}],"curies":[{"name":"wp","href":"https:\/\/api.w.org\/{rel}","templated":true}]}}