{"id":2262,"date":"2021-08-17T11:35:00","date_gmt":"2021-08-17T10:35:00","guid":{"rendered":"https:\/\/www.ae2serpa.pt\/?p=2262"},"modified":"2021-09-03T19:41:47","modified_gmt":"2021-09-03T18:41:47","slug":"pcp-diretor","status":"publish","type":"post","link":"https:\/\/www.ae2serpa.pt\/index.php\/2021\/08\/17\/pcp-diretor\/","title":{"rendered":"Procedimento Concursal Pr\u00e9vio"},"content":{"rendered":"\t\t<div data-elementor-type=\"wp-post\" data-elementor-id=\"2262\" class=\"elementor elementor-2262\">\n\t\t\t\t\t\t\t\t\t<section class=\"elementor-section elementor-top-section elementor-element elementor-element-c0dd2de elementor-section-boxed elementor-section-height-default elementor-section-height-default\" data-id=\"c0dd2de\" data-element_type=\"section\">\n\t\t\t\t\t\t<div class=\"elementor-container elementor-column-gap-default\">\n\t\t\t\t\t<div class=\"elementor-column elementor-col-100 elementor-top-column elementor-element elementor-element-1f9aecd\" data-id=\"1f9aecd\" data-element_type=\"column\">\n\t\t\t<div class=\"elementor-widget-wrap elementor-element-populated\">\n\t\t\t\t\t\t\t\t<div class=\"elementor-element elementor-element-c204543 elementor-widget elementor-widget-heading\" data-id=\"c204543\" data-element_type=\"widget\" data-widget_type=\"heading.default\">\n\t\t\t\t<div class=\"elementor-widget-container\">\n\t\t\t<h2 class=\"elementor-heading-title elementor-size-default\">Procedimento concursal pr\u00e9vio \u00e0 elei\u00e7\u00e3o do diretor do Agrupamento de Escolas n.\u00ba 2 de Serpa<\/h2>\t\t<\/div>\n\t\t\t\t<\/div>\n\t\t\t\t\t<\/div>\n\t\t<\/div>\n\t\t\t\t\t\t\t<\/div>\n\t\t<\/section>\n\t\t\t\t<section class=\"elementor-section elementor-top-section elementor-element elementor-element-3fe4f3f elementor-section-boxed elementor-section-height-default elementor-section-height-default\" data-id=\"3fe4f3f\" data-element_type=\"section\">\n\t\t\t\t\t\t<div class=\"elementor-container elementor-column-gap-default\">\n\t\t\t\t\t<div class=\"elementor-column elementor-col-100 elementor-top-column elementor-element elementor-element-49c7076\" data-id=\"49c7076\" data-element_type=\"column\">\n\t\t\t<div class=\"elementor-widget-wrap elementor-element-populated\">\n\t\t\t\t\t\t\t\t<div class=\"elementor-element elementor-element-5d59225 elementor-widget elementor-widget-text-editor\" data-id=\"5d59225\" data-element_type=\"widget\" data-widget_type=\"text-editor.default\">\n\t\t\t\t<div class=\"elementor-widget-container\">\n\t\t\t\t\t\t\t<p>Publica-se e divulga-se a informa\u00e7\u00e3o necess\u00e1ria, e nos termos do Aviso de Abertura n.\u00ba 15379\/2021, publicado no DR n.\u00ba 159, 2\u00aa S\u00e9rie, Parte C, de 17 de agosto de 2021, \u00e0 apresenta\u00e7\u00e3o de candidatura no \u00e2mbito deste procedimento concursal pr\u00e9vio \u00e0 elei\u00e7\u00e3o do diretor do Agrupamento de Escolas n.\u00ba 2 de Serpa.<\/p>\t\t\t\t\t\t<\/div>\n\t\t\t\t<\/div>\n\t\t\t\t\t<\/div>\n\t\t<\/div>\n\t\t\t\t\t\t\t<\/div>\n\t\t<\/section>\n\t\t\t\t<section class=\"elementor-section elementor-top-section elementor-element elementor-element-bb964b5 elementor-section-boxed elementor-section-height-default elementor-section-height-default\" data-id=\"bb964b5\" data-element_type=\"section\">\n\t\t\t\t\t\t<div class=\"elementor-container elementor-column-gap-default\">\n\t\t\t\t\t<div class=\"elementor-column elementor-col-33 elementor-top-column elementor-element elementor-element-b92a4ab\" data-id=\"b92a4ab\" data-element_type=\"column\">\n\t\t\t<div class=\"elementor-widget-wrap elementor-element-populated\">\n\t\t\t\t\t\t\t\t<div class=\"elementor-element elementor-element-c7f5d99 elementor-widget elementor-widget-image\" data-id=\"c7f5d99\" data-element_type=\"widget\" data-widget_type=\"image.default\">\n\t\t\t\t<div class=\"elementor-widget-container\">\n\t\t\t\t\t\t\t\t\t\t\t\t\t\t\t\t<a href=\"https:\/\/www.ae2serpa.pt\/wp-content\/uploads\/2021\/08\/Aviso-15379_2021.pdf\" target=\"_blank\" rel=\"nofollow\">\n\t\t\t\t\t\t\t<img loading=\"lazy\" decoding=\"async\" width=\"40\" height=\"49\" src=\"https:\/\/www.ae2serpa.pt\/wp-content\/uploads\/2021\/07\/PDF-e1628017176183.png\" class=\"attachment-full size-full wp-image-1233\" alt=\"\" \/>\t\t\t\t\t\t\t\t<\/a>\n\t\t\t\t\t\t\t\t\t\t\t\t\t\t\t<\/div>\n\t\t\t\t<\/div>\n\t\t\t\t\t<\/div>\n\t\t<\/div>\n\t\t\t\t<div class=\"elementor-column elementor-col-66 elementor-top-column elementor-element elementor-element-b220d96\" data-id=\"b220d96\" data-element_type=\"column\">\n\t\t\t<div class=\"elementor-widget-wrap elementor-element-populated\">\n\t\t\t\t\t\t\t\t<div class=\"elementor-element elementor-element-b9ec296 elementor-widget elementor-widget-text-editor\" data-id=\"b9ec296\" data-element_type=\"widget\" data-widget_type=\"text-editor.default\">\n\t\t\t\t<div class=\"elementor-widget-container\">\n\t\t\t\t\t\t\t<p style=\"text-align: left;\">Aviso de Abertura (Aviso n.\u00ba 15379\/2021 &#8211; <a href=\"https:\/\/dre.pt\/web\/guest\/pesquisa-avancada\/-\/asearch\/169689553\/details\/normal?sortOrder=ASC&amp;docType_facet=LEGISLACAO&amp;perPage=25&amp;advanced.search=Pesquisa+Avan%C3%A7ada&amp;filterAction=TRUE&amp;tipo=%22Aviso%22&amp;dataPublicacaoFim=2021-08-17&amp;emissor=%22Educa%C3%A7%C3%A3o+-+Dire%C3%A7%C3%A3o-Geral+dos+Estabelecimentos+Escolares+-+Agrupamento+de+Escolas+n.%C2%BA%202+de+Serpa%22&amp;parte=C+-+Governo+e+Administra%C3%A7%C3%A3o+direta+e+indireta+do+Estado_II&amp;types=SERIEII&amp;dataPublicacaoInicio=2021-08-17\" target=\"_blank\" rel=\"noopener\">liga\u00e7\u00e3o ao DRE<\/a>)<\/p>\t\t\t\t\t\t<\/div>\n\t\t\t\t<\/div>\n\t\t\t\t\t<\/div>\n\t\t<\/div>\n\t\t\t\t\t\t\t<\/div>\n\t\t<\/section>\n\t\t\t\t<section class=\"elementor-section elementor-top-section elementor-element elementor-element-6585963 elementor-section-boxed elementor-section-height-default elementor-section-height-default\" data-id=\"6585963\" data-element_type=\"section\">\n\t\t\t\t\t\t<div class=\"elementor-container elementor-column-gap-default\">\n\t\t\t\t\t<div class=\"elementor-column elementor-col-33 elementor-top-column elementor-element elementor-element-7ceb24b\" data-id=\"7ceb24b\" data-element_type=\"column\">\n\t\t\t<div class=\"elementor-widget-wrap elementor-element-populated\">\n\t\t\t\t\t\t\t\t<div class=\"elementor-element elementor-element-deefb77 elementor-widget elementor-widget-image\" data-id=\"deefb77\" data-element_type=\"widget\" data-widget_type=\"image.default\">\n\t\t\t\t<div class=\"elementor-widget-container\">\n\t\t\t\t\t\t\t\t\t\t\t\t\t\t\t\t<a href=\"https:\/\/www.ae2serpa.pt\/wp-content\/uploads\/2021\/08\/Regulamento-Proc_C_Previo.pdf\" target=\"_blank\" rel=\"nofollow\">\n\t\t\t\t\t\t\t<img loading=\"lazy\" decoding=\"async\" width=\"40\" height=\"49\" src=\"https:\/\/www.ae2serpa.pt\/wp-content\/uploads\/2021\/07\/PDF-e1628017176183.png\" class=\"attachment-full size-full wp-image-1233\" alt=\"\" \/>\t\t\t\t\t\t\t\t<\/a>\n\t\t\t\t\t\t\t\t\t\t\t\t\t\t\t<\/div>\n\t\t\t\t<\/div>\n\t\t\t\t\t<\/div>\n\t\t<\/div>\n\t\t\t\t<div class=\"elementor-column elementor-col-66 elementor-top-column elementor-element elementor-element-441d093\" data-id=\"441d093\" data-element_type=\"column\">\n\t\t\t<div class=\"elementor-widget-wrap elementor-element-populated\">\n\t\t\t\t\t\t\t\t<div class=\"elementor-element elementor-element-20e4711 elementor-widget elementor-widget-text-editor\" data-id=\"20e4711\" data-element_type=\"widget\" data-widget_type=\"text-editor.default\">\n\t\t\t\t<div class=\"elementor-widget-container\">\n\t\t\t\t\t\t\t<p style=\"text-align: left;\">Regulamento do procedimento<\/p>\t\t\t\t\t\t<\/div>\n\t\t\t\t<\/div>\n\t\t\t\t\t<\/div>\n\t\t<\/div>\n\t\t\t\t\t\t\t<\/div>\n\t\t<\/section>\n\t\t\t\t<section class=\"elementor-section elementor-top-section elementor-element elementor-element-ea020c3 elementor-section-boxed elementor-section-height-default elementor-section-height-default\" data-id=\"ea020c3\" data-element_type=\"section\">\n\t\t\t\t\t\t<div class=\"elementor-container elementor-column-gap-default\">\n\t\t\t\t\t<div class=\"elementor-column elementor-col-33 elementor-top-column elementor-element elementor-element-e857064\" data-id=\"e857064\" data-element_type=\"column\">\n\t\t\t<div class=\"elementor-widget-wrap elementor-element-populated\">\n\t\t\t\t\t\t\t\t<div class=\"elementor-element elementor-element-54d29a7 elementor-widget elementor-widget-image\" data-id=\"54d29a7\" data-element_type=\"widget\" data-widget_type=\"image.default\">\n\t\t\t\t<div class=\"elementor-widget-container\">\n\t\t\t\t\t\t\t\t\t\t\t\t\t\t\t\t<a href=\"https:\/\/www.ae2serpa.pt\/wp-content\/uploads\/2021\/08\/Criterios-Proc_C_Previo.pdf\" target=\"_blank\" rel=\"nofollow\">\n\t\t\t\t\t\t\t<img loading=\"lazy\" decoding=\"async\" width=\"40\" height=\"49\" src=\"https:\/\/www.ae2serpa.pt\/wp-content\/uploads\/2021\/07\/PDF-e1628017176183.png\" class=\"attachment-full size-full wp-image-1233\" alt=\"\" \/>\t\t\t\t\t\t\t\t<\/a>\n\t\t\t\t\t\t\t\t\t\t\t\t\t\t\t<\/div>\n\t\t\t\t<\/div>\n\t\t\t\t\t<\/div>\n\t\t<\/div>\n\t\t\t\t<div class=\"elementor-column elementor-col-66 elementor-top-column elementor-element elementor-element-824b350\" data-id=\"824b350\" data-element_type=\"column\">\n\t\t\t<div class=\"elementor-widget-wrap elementor-element-populated\">\n\t\t\t\t\t\t\t\t<div class=\"elementor-element elementor-element-d4ef7c0 elementor-widget elementor-widget-text-editor\" data-id=\"d4ef7c0\" data-element_type=\"widget\" data-widget_type=\"text-editor.default\">\n\t\t\t\t<div class=\"elementor-widget-container\">\n\t\t\t\t\t\t\t<p style=\"text-align: left;\">Crit\u00e9rios de aprecia\u00e7\u00e3o da candidatura<\/p>\t\t\t\t\t\t<\/div>\n\t\t\t\t<\/div>\n\t\t\t\t\t<\/div>\n\t\t<\/div>\n\t\t\t\t\t\t\t<\/div>\n\t\t<\/section>\n\t\t\t\t<section class=\"elementor-section elementor-top-section elementor-element elementor-element-214cf94 elementor-section-boxed elementor-section-height-default elementor-section-height-default\" data-id=\"214cf94\" data-element_type=\"section\">\n\t\t\t\t\t\t<div class=\"elementor-container elementor-column-gap-default\">\n\t\t\t\t\t<div class=\"elementor-column elementor-col-33 elementor-top-column elementor-element elementor-element-187233f\" data-id=\"187233f\" data-element_type=\"column\">\n\t\t\t<div class=\"elementor-widget-wrap elementor-element-populated\">\n\t\t\t\t\t\t\t\t<div class=\"elementor-element elementor-element-97c5dc9 elementor-widget elementor-widget-image\" data-id=\"97c5dc9\" data-element_type=\"widget\" data-widget_type=\"image.default\">\n\t\t\t\t<div class=\"elementor-widget-container\">\n\t\t\t\t\t\t\t\t\t\t\t\t\t\t\t\t<a href=\"https:\/\/www.ae2serpa.pt\/wp-content\/uploads\/2021\/08\/Requerimento.pdf\" target=\"_blank\" rel=\"nofollow\">\n\t\t\t\t\t\t\t<img loading=\"lazy\" decoding=\"async\" width=\"40\" height=\"49\" src=\"https:\/\/www.ae2serpa.pt\/wp-content\/uploads\/2021\/07\/PDF-e1628017176183.png\" class=\"attachment-full size-full wp-image-1233\" alt=\"\" \/>\t\t\t\t\t\t\t\t<\/a>\n\t\t\t\t\t\t\t\t\t\t\t\t\t\t\t<\/div>\n\t\t\t\t<\/div>\n\t\t\t\t\t<\/div>\n\t\t<\/div>\n\t\t\t\t<div class=\"elementor-column elementor-col-66 elementor-top-column elementor-element elementor-element-c24be06\" data-id=\"c24be06\" data-element_type=\"column\">\n\t\t\t<div class=\"elementor-widget-wrap elementor-element-populated\">\n\t\t\t\t\t\t\t\t<div class=\"elementor-element elementor-element-d1058eb elementor-widget elementor-widget-text-editor\" data-id=\"d1058eb\" data-element_type=\"widget\" data-widget_type=\"text-editor.default\">\n\t\t\t\t<div class=\"elementor-widget-container\">\n\t\t\t\t\t\t\t<p style=\"text-align: left;\">Modelo do requerimento<\/p>\t\t\t\t\t\t<\/div>\n\t\t\t\t<\/div>\n\t\t\t\t\t<\/div>\n\t\t<\/div>\n\t\t\t\t\t\t\t<\/div>\n\t\t<\/section>\n\t\t\t\t\t\t\t<\/div>\n\t\t","protected":false},"excerpt":{"rendered":"<p>Procedimento concursal pr\u00e9vio \u00e0 elei\u00e7\u00e3o do diretor do Agrupamento de Escolas n.\u00ba 2 de Serpa Publica-se e divulga-se a informa\u00e7\u00e3o necess\u00e1ria, e nos termos do Aviso de Abertura n.\u00ba 15379\/2021, publicado no DR n.\u00ba 159, 2\u00aa S\u00e9rie, Parte C, de 17 de agosto de 2021, \u00e0 apresenta\u00e7\u00e3o de candidatura no \u00e2mbito deste procedimento concursal pr\u00e9vio [&hellip;]<\/p>\n","protected":false},"author":5,"featured_media":0,"comment_status":"closed","ping_status":"closed","sticky":false,"template":"","format":"standard","meta":{"footnotes":""},"categories":[5],"tags":[],"yoast_head":"<!-- This site is optimized with the Yoast SEO plugin v22.8 - https:\/\/yoast.com\/wordpress\/plugins\/seo\/ -->\n<title>Procedimento Concursal Pr\u00e9vio - Agrupamento de Escolas n.\u00ba 2 de Serpa<\/title>\n<meta name=\"description\" content=\"Procedimento concursal pr\u00e9vio \u00e0 elei\u00e7\u00e3o do diretor do Agrupamento de Escolas n.\u00ba 2 de Serpa: Regulamento. Crit\u00e9rios. Modelo de Requerimento.\" \/>\n<meta name=\"robots\" content=\"index, follow, max-snippet:-1, max-image-preview:large, max-video-preview:-1\" \/>\n<link rel=\"canonical\" href=\"https:\/\/www.ae2serpa.pt\/index.php\/2021\/08\/17\/pcp-diretor\/\" \/>\n<meta property=\"og:locale\" content=\"pt_PT\" \/>\n<meta property=\"og:type\" content=\"article\" \/>\n<meta property=\"og:title\" content=\"Procedimento Concursal Pr\u00e9vio - Agrupamento de Escolas n.\u00ba 2 de Serpa\" \/>\n<meta property=\"og:description\" content=\"Procedimento concursal pr\u00e9vio \u00e0 elei\u00e7\u00e3o do diretor do Agrupamento de Escolas n.\u00ba 2 de Serpa: Regulamento. Crit\u00e9rios. Modelo de Requerimento.\" \/>\n<meta property=\"og:url\" content=\"https:\/\/www.ae2serpa.pt\/index.php\/2021\/08\/17\/pcp-diretor\/\" \/>\n<meta property=\"og:site_name\" content=\"Agrupamento de Escolas n.\u00ba 2 de Serpa\" \/>\n<meta property=\"article:publisher\" content=\"https:\/\/www.facebook.com\/AE2Serpa\/\" \/>\n<meta property=\"article:published_time\" content=\"2021-08-17T10:35:00+00:00\" \/>\n<meta property=\"article:modified_time\" content=\"2021-09-03T18:41:47+00:00\" \/>\n<meta property=\"og:image\" content=\"https:\/\/www.ae2serpa.pt\/wp-content\/uploads\/2021\/07\/PDF-e1628017176183.png\" \/>\n<meta name=\"author\" content=\"Agrupamento de Escolas n.\u00ba 2 de Serpa\" \/>\n<meta name=\"twitter:card\" content=\"summary_large_image\" \/>\n<meta name=\"twitter:creator\" content=\"@ae2serpa\" \/>\n<meta name=\"twitter:site\" content=\"@ae2serpa\" \/>\n<meta name=\"twitter:label1\" content=\"Escrito por\" \/>\n\t<meta name=\"twitter:data1\" content=\"Agrupamento de Escolas n.\u00ba 2 de Serpa\" \/>\n\t<meta name=\"twitter:label2\" content=\"Tempo estimado de leitura\" \/>\n\t<meta name=\"twitter:data2\" content=\"2 minutos\" \/>\n<script type=\"application\/ld+json\" class=\"yoast-schema-graph\">{\"@context\":\"https:\/\/schema.org\",\"@graph\":[{\"@type\":\"Article\",\"@id\":\"https:\/\/www.ae2serpa.pt\/index.php\/2021\/08\/17\/pcp-diretor\/#article\",\"isPartOf\":{\"@id\":\"https:\/\/www.ae2serpa.pt\/index.php\/2021\/08\/17\/pcp-diretor\/\"},\"author\":{\"name\":\"Agrupamento de Escolas n.\u00ba 2 de Serpa\",\"@id\":\"https:\/\/www.ae2serpa.pt\/#\/schema\/person\/ba298a033025b7e7d7ac720f01c2e835\"},\"headline\":\"Procedimento Concursal Pr\u00e9vio\",\"datePublished\":\"2021-08-17T10:35:00+00:00\",\"dateModified\":\"2021-09-03T18:41:47+00:00\",\"mainEntityOfPage\":{\"@id\":\"https:\/\/www.ae2serpa.pt\/index.php\/2021\/08\/17\/pcp-diretor\/\"},\"wordCount\":92,\"publisher\":{\"@id\":\"https:\/\/www.ae2serpa.pt\/#organization\"},\"image\":{\"@id\":\"https:\/\/www.ae2serpa.pt\/index.php\/2021\/08\/17\/pcp-diretor\/#primaryimage\"},\"thumbnailUrl\":\"https:\/\/www.ae2serpa.pt\/wp-content\/uploads\/2021\/07\/PDF-e1628017176183.png\",\"articleSection\":[\"Concursos\"],\"inLanguage\":\"pt-PT\"},{\"@type\":\"WebPage\",\"@id\":\"https:\/\/www.ae2serpa.pt\/index.php\/2021\/08\/17\/pcp-diretor\/\",\"url\":\"https:\/\/www.ae2serpa.pt\/index.php\/2021\/08\/17\/pcp-diretor\/\",\"name\":\"Procedimento Concursal Pr\u00e9vio - Agrupamento de Escolas n.\u00ba 2 de Serpa\",\"isPartOf\":{\"@id\":\"https:\/\/www.ae2serpa.pt\/#website\"},\"primaryImageOfPage\":{\"@id\":\"https:\/\/www.ae2serpa.pt\/index.php\/2021\/08\/17\/pcp-diretor\/#primaryimage\"},\"image\":{\"@id\":\"https:\/\/www.ae2serpa.pt\/index.php\/2021\/08\/17\/pcp-diretor\/#primaryimage\"},\"thumbnailUrl\":\"https:\/\/www.ae2serpa.pt\/wp-content\/uploads\/2021\/07\/PDF-e1628017176183.png\",\"datePublished\":\"2021-08-17T10:35:00+00:00\",\"dateModified\":\"2021-09-03T18:41:47+00:00\",\"description\":\"Procedimento concursal pr\u00e9vio \u00e0 elei\u00e7\u00e3o do diretor do Agrupamento de Escolas n.\u00ba 2 de Serpa: Regulamento. Crit\u00e9rios. Modelo de Requerimento.\",\"breadcrumb\":{\"@id\":\"https:\/\/www.ae2serpa.pt\/index.php\/2021\/08\/17\/pcp-diretor\/#breadcrumb\"},\"inLanguage\":\"pt-PT\",\"potentialAction\":[{\"@type\":\"ReadAction\",\"target\":[\"https:\/\/www.ae2serpa.pt\/index.php\/2021\/08\/17\/pcp-diretor\/\"]}]},{\"@type\":\"ImageObject\",\"inLanguage\":\"pt-PT\",\"@id\":\"https:\/\/www.ae2serpa.pt\/index.php\/2021\/08\/17\/pcp-diretor\/#primaryimage\",\"url\":\"https:\/\/www.ae2serpa.pt\/wp-content\/uploads\/2021\/07\/PDF-e1628017176183.png\",\"contentUrl\":\"https:\/\/www.ae2serpa.pt\/wp-content\/uploads\/2021\/07\/PDF-e1628017176183.png\",\"width\":40,\"height\":49},{\"@type\":\"BreadcrumbList\",\"@id\":\"https:\/\/www.ae2serpa.pt\/index.php\/2021\/08\/17\/pcp-diretor\/#breadcrumb\",\"itemListElement\":[{\"@type\":\"ListItem\",\"position\":1,\"name\":\"In\u00edcio\",\"item\":\"https:\/\/www.ae2serpa.pt\/\"},{\"@type\":\"ListItem\",\"position\":2,\"name\":\"Procedimento Concursal Pr\u00e9vio\"}]},{\"@type\":\"WebSite\",\"@id\":\"https:\/\/www.ae2serpa.pt\/#website\",\"url\":\"https:\/\/www.ae2serpa.pt\/\",\"name\":\"AGRUPAMENTO DE ESCOLAS N.\u00ba 2 DE SERPA\",\"description\":\"Agrupamento de Escolas n.\u00ba 2 de Serpa\",\"publisher\":{\"@id\":\"https:\/\/www.ae2serpa.pt\/#organization\"},\"potentialAction\":[{\"@type\":\"SearchAction\",\"target\":{\"@type\":\"EntryPoint\",\"urlTemplate\":\"https:\/\/www.ae2serpa.pt\/?s={search_term_string}\"},\"query-input\":\"required name=search_term_string\"}],\"inLanguage\":\"pt-PT\"},{\"@type\":\"Organization\",\"@id\":\"https:\/\/www.ae2serpa.pt\/#organization\",\"name\":\"AGRUMANENTO DE ESOLAS N.\u00ba 2 DE SERPA\",\"url\":\"https:\/\/www.ae2serpa.pt\/\",\"logo\":{\"@type\":\"ImageObject\",\"inLanguage\":\"pt-PT\",\"@id\":\"https:\/\/www.ae2serpa.pt\/#\/schema\/logo\/image\/\",\"url\":\"https:\/\/www.ae2serpa.pt\/wp-content\/uploads\/2021\/07\/AE2Serpa_LogoNovo-e1627067148639.png\",\"contentUrl\":\"https:\/\/www.ae2serpa.pt\/wp-content\/uploads\/2021\/07\/AE2Serpa_LogoNovo-e1627067148639.png\",\"width\":250,\"height\":149,\"caption\":\"AGRUMANENTO DE ESOLAS N.\u00ba 2 DE SERPA\"},\"image\":{\"@id\":\"https:\/\/www.ae2serpa.pt\/#\/schema\/logo\/image\/\"},\"sameAs\":[\"https:\/\/www.facebook.com\/AE2Serpa\/\",\"https:\/\/x.com\/ae2serpa\",\"https:\/\/www.instagram.com\/agresc2serpa\/\"]},{\"@type\":\"Person\",\"@id\":\"https:\/\/www.ae2serpa.pt\/#\/schema\/person\/ba298a033025b7e7d7ac720f01c2e835\",\"name\":\"Agrupamento de Escolas n.\u00ba 2 de Serpa\",\"image\":{\"@type\":\"ImageObject\",\"inLanguage\":\"pt-PT\",\"@id\":\"https:\/\/www.ae2serpa.pt\/#\/schema\/person\/image\/\",\"url\":\"https:\/\/secure.gravatar.com\/avatar\/31421c6b77f04d971fd7a184c189b548?s=96&d=mm&r=g\",\"contentUrl\":\"https:\/\/secure.gravatar.com\/avatar\/31421c6b77f04d971fd7a184c189b548?s=96&d=mm&r=g\",\"caption\":\"Agrupamento de Escolas n.\u00ba 2 de Serpa\"},\"sameAs\":[\"https:ae2serpa.pt\"]}]}<\/script>\n<!-- \/ Yoast SEO plugin. -->","yoast_head_json":{"title":"Procedimento Concursal Pr\u00e9vio - Agrupamento de Escolas n.\u00ba 2 de Serpa","description":"Procedimento concursal pr\u00e9vio \u00e0 elei\u00e7\u00e3o do diretor do Agrupamento de Escolas n.\u00ba 2 de Serpa: Regulamento. Crit\u00e9rios. Modelo de Requerimento.","robots":{"index":"index","follow":"follow","max-snippet":"max-snippet:-1","max-image-preview":"max-image-preview:large","max-video-preview":"max-video-preview:-1"},"canonical":"https:\/\/www.ae2serpa.pt\/index.php\/2021\/08\/17\/pcp-diretor\/","og_locale":"pt_PT","og_type":"article","og_title":"Procedimento Concursal Pr\u00e9vio - Agrupamento de Escolas n.\u00ba 2 de Serpa","og_description":"Procedimento concursal pr\u00e9vio \u00e0 elei\u00e7\u00e3o do diretor do Agrupamento de Escolas n.\u00ba 2 de Serpa: Regulamento. Crit\u00e9rios. Modelo de Requerimento.","og_url":"https:\/\/www.ae2serpa.pt\/index.php\/2021\/08\/17\/pcp-diretor\/","og_site_name":"Agrupamento de Escolas n.\u00ba 2 de Serpa","article_publisher":"https:\/\/www.facebook.com\/AE2Serpa\/","article_published_time":"2021-08-17T10:35:00+00:00","article_modified_time":"2021-09-03T18:41:47+00:00","og_image":[{"url":"https:\/\/www.ae2serpa.pt\/wp-content\/uploads\/2021\/07\/PDF-e1628017176183.png"}],"author":"Agrupamento de Escolas n.\u00ba 2 de Serpa","twitter_card":"summary_large_image","twitter_creator":"@ae2serpa","twitter_site":"@ae2serpa","twitter_misc":{"Escrito por":"Agrupamento de Escolas n.\u00ba 2 de Serpa","Tempo estimado de leitura":"2 minutos"},"schema":{"@context":"https:\/\/schema.org","@graph":[{"@type":"Article","@id":"https:\/\/www.ae2serpa.pt\/index.php\/2021\/08\/17\/pcp-diretor\/#article","isPartOf":{"@id":"https:\/\/www.ae2serpa.pt\/index.php\/2021\/08\/17\/pcp-diretor\/"},"author":{"name":"Agrupamento de Escolas n.\u00ba 2 de Serpa","@id":"https:\/\/www.ae2serpa.pt\/#\/schema\/person\/ba298a033025b7e7d7ac720f01c2e835"},"headline":"Procedimento Concursal Pr\u00e9vio","datePublished":"2021-08-17T10:35:00+00:00","dateModified":"2021-09-03T18:41:47+00:00","mainEntityOfPage":{"@id":"https:\/\/www.ae2serpa.pt\/index.php\/2021\/08\/17\/pcp-diretor\/"},"wordCount":92,"publisher":{"@id":"https:\/\/www.ae2serpa.pt\/#organization"},"image":{"@id":"https:\/\/www.ae2serpa.pt\/index.php\/2021\/08\/17\/pcp-diretor\/#primaryimage"},"thumbnailUrl":"https:\/\/www.ae2serpa.pt\/wp-content\/uploads\/2021\/07\/PDF-e1628017176183.png","articleSection":["Concursos"],"inLanguage":"pt-PT"},{"@type":"WebPage","@id":"https:\/\/www.ae2serpa.pt\/index.php\/2021\/08\/17\/pcp-diretor\/","url":"https:\/\/www.ae2serpa.pt\/index.php\/2021\/08\/17\/pcp-diretor\/","name":"Procedimento Concursal Pr\u00e9vio - Agrupamento de Escolas n.\u00ba 2 de Serpa","isPartOf":{"@id":"https:\/\/www.ae2serpa.pt\/#website"},"primaryImageOfPage":{"@id":"https:\/\/www.ae2serpa.pt\/index.php\/2021\/08\/17\/pcp-diretor\/#primaryimage"},"image":{"@id":"https:\/\/www.ae2serpa.pt\/index.php\/2021\/08\/17\/pcp-diretor\/#primaryimage"},"thumbnailUrl":"https:\/\/www.ae2serpa.pt\/wp-content\/uploads\/2021\/07\/PDF-e1628017176183.png","datePublished":"2021-08-17T10:35:00+00:00","dateModified":"2021-09-03T18:41:47+00:00","description":"Procedimento concursal pr\u00e9vio \u00e0 elei\u00e7\u00e3o do diretor do Agrupamento de Escolas n.\u00ba 2 de Serpa: Regulamento. Crit\u00e9rios. Modelo de Requerimento.","breadcrumb":{"@id":"https:\/\/www.ae2serpa.pt\/index.php\/2021\/08\/17\/pcp-diretor\/#breadcrumb"},"inLanguage":"pt-PT","potentialAction":[{"@type":"ReadAction","target":["https:\/\/www.ae2serpa.pt\/index.php\/2021\/08\/17\/pcp-diretor\/"]}]},{"@type":"ImageObject","inLanguage":"pt-PT","@id":"https:\/\/www.ae2serpa.pt\/index.php\/2021\/08\/17\/pcp-diretor\/#primaryimage","url":"https:\/\/www.ae2serpa.pt\/wp-content\/uploads\/2021\/07\/PDF-e1628017176183.png","contentUrl":"https:\/\/www.ae2serpa.pt\/wp-content\/uploads\/2021\/07\/PDF-e1628017176183.png","width":40,"height":49},{"@type":"BreadcrumbList","@id":"https:\/\/www.ae2serpa.pt\/index.php\/2021\/08\/17\/pcp-diretor\/#breadcrumb","itemListElement":[{"@type":"ListItem","position":1,"name":"In\u00edcio","item":"https:\/\/www.ae2serpa.pt\/"},{"@type":"ListItem","position":2,"name":"Procedimento Concursal Pr\u00e9vio"}]},{"@type":"WebSite","@id":"https:\/\/www.ae2serpa.pt\/#website","url":"https:\/\/www.ae2serpa.pt\/","name":"AGRUPAMENTO DE ESCOLAS N.\u00ba 2 DE SERPA","description":"Agrupamento de Escolas n.\u00ba 2 de Serpa","publisher":{"@id":"https:\/\/www.ae2serpa.pt\/#organization"},"potentialAction":[{"@type":"SearchAction","target":{"@type":"EntryPoint","urlTemplate":"https:\/\/www.ae2serpa.pt\/?s={search_term_string}"},"query-input":"required name=search_term_string"}],"inLanguage":"pt-PT"},{"@type":"Organization","@id":"https:\/\/www.ae2serpa.pt\/#organization","name":"AGRUMANENTO DE ESOLAS N.\u00ba 2 DE SERPA","url":"https:\/\/www.ae2serpa.pt\/","logo":{"@type":"ImageObject","inLanguage":"pt-PT","@id":"https:\/\/www.ae2serpa.pt\/#\/schema\/logo\/image\/","url":"https:\/\/www.ae2serpa.pt\/wp-content\/uploads\/2021\/07\/AE2Serpa_LogoNovo-e1627067148639.png","contentUrl":"https:\/\/www.ae2serpa.pt\/wp-content\/uploads\/2021\/07\/AE2Serpa_LogoNovo-e1627067148639.png","width":250,"height":149,"caption":"AGRUMANENTO DE ESOLAS N.\u00ba 2 DE SERPA"},"image":{"@id":"https:\/\/www.ae2serpa.pt\/#\/schema\/logo\/image\/"},"sameAs":["https:\/\/www.facebook.com\/AE2Serpa\/","https:\/\/x.com\/ae2serpa","https:\/\/www.instagram.com\/agresc2serpa\/"]},{"@type":"Person","@id":"https:\/\/www.ae2serpa.pt\/#\/schema\/person\/ba298a033025b7e7d7ac720f01c2e835","name":"Agrupamento de Escolas n.\u00ba 2 de Serpa","image":{"@type":"ImageObject","inLanguage":"pt-PT","@id":"https:\/\/www.ae2serpa.pt\/#\/schema\/person\/image\/","url":"https:\/\/secure.gravatar.com\/avatar\/31421c6b77f04d971fd7a184c189b548?s=96&d=mm&r=g","contentUrl":"https:\/\/secure.gravatar.com\/avatar\/31421c6b77f04d971fd7a184c189b548?s=96&d=mm&r=g","caption":"Agrupamento de Escolas n.\u00ba 2 de Serpa"},"sameAs":["https:ae2serpa.pt"]}]}},"_links":{"self":[{"href":"https:\/\/www.ae2serpa.pt\/index.php\/wp-json\/wp\/v2\/posts\/2262"}],"collection":[{"href":"https:\/\/www.ae2serpa.pt\/index.php\/wp-json\/wp\/v2\/posts"}],"about":[{"href":"https:\/\/www.ae2serpa.pt\/index.php\/wp-json\/wp\/v2\/types\/post"}],"author":[{"embeddable":true,"href":"https:\/\/www.ae2serpa.pt\/index.php\/wp-json\/wp\/v2\/users\/5"}],"replies":[{"embeddable":true,"href":"https:\/\/www.ae2serpa.pt\/index.php\/wp-json\/wp\/v2\/comments?post=2262"}],"version-history":[{"count":56,"href":"https:\/\/www.ae2serpa.pt\/index.php\/wp-json\/wp\/v2\/posts\/2262\/revisions"}],"predecessor-version":[{"id":3743,"href":"https:\/\/www.ae2serpa.pt\/index.php\/wp-json\/wp\/v2\/posts\/2262\/revisions\/3743"}],"wp:attachment":[{"href":"https:\/\/www.ae2serpa.pt\/index.php\/wp-json\/wp\/v2\/media?parent=2262"}],"wp:term":[{"taxonomy":"category","embeddable":true,"href":"https:\/\/www.ae2serpa.pt\/index.php\/wp-json\/wp\/v2\/categories?post=2262"},{"taxonomy":"post_tag","embeddable":true,"href":"https:\/\/www.ae2serpa.pt\/index.php\/wp-json\/wp\/v2\/tags?post=2262"}],"curies":[{"name":"wp","href":"https:\/\/api.w.org\/{rel}","templated":true}]}}